
{"id":10374,"date":"2011-11-08T08:25:13","date_gmt":"2011-11-08T11:25:13","guid":{"rendered":"http:\/\/www.sudoestehoje.com.br\/novoportal\/?p=10374"},"modified":"2011-11-08T08:25:13","modified_gmt":"2011-11-08T11:25:13","slug":"samu-192-e-alvo-de-criticas-em-vitoria-da-conquista","status":"publish","type":"post","link":"https:\/\/www.sudoestehoje.com.br\/novoportal\/2011\/11\/08\/samu-192-e-alvo-de-criticas-em-vitoria-da-conquista\/","title":{"rendered":"SAMU 192 \u00c9 ALVO DE CR\u00cdTICAS EM VIT\u00d3RIA DA CONQUISTA"},"content":{"rendered":"<p style=\"text-align: center;\"><img decoding=\"async\" class=\"aligncenter\" src=\"http:\/\/farm7.static.flickr.com\/6216\/6325647056_3e9167dd7b.jpg\" alt=\"\" \/><\/p>\n<p style=\"text-align: center;\"><em><strong>Populares ficaram revoltados com demora do SAMU <\/strong><\/em><\/p>\n<p>A demora da chegada do Servi\u00e7o de Atendimento M\u00f3vel de Urg\u00eancia (SAMU) para atender a uma ocorr\u00eancia, causou protesto de populares que presenciavam um assassinato na tarde dessa segunda-feira (7), no Centro de Vit\u00f3ria da Conquista. \u201c<em>Isso \u00e9 uma falta de respeito para com as vidas das pessoas. H\u00e1 mais de meia hora que ligamos para o SAMU 192 e nada de chegarem ao local&#8221;, <\/em>protestou uma senhora. Apesar de ser ainda um dos mais \u00e1geis servi\u00e7os p\u00fablicos, muitas pessoas t\u00eam reclamado da demora na chegada do SAMU nas ocorr\u00eancias.<\/p>\n<p>Vale lembrar que o SAMU de Vit\u00f3ria da Conquista servir\u00e1 de base para o de Itapetinga, quando este for ativado. Vai ser dureza&#8230;<\/p>\n<p><em><strong>Blog do Anderson<\/strong><\/em><\/p>\n","protected":false},"excerpt":{"rendered":"<p>Populares ficaram revoltados com demora do SAMU A demora da chegada do Servi\u00e7o de Atendimento M\u00f3vel de Urg\u00eancia (SAMU) para atender a uma ocorr\u00eancia, causou protesto de populares que presenciavam um assassinato na tarde dessa segunda-feira (7), no Centro de Vit\u00f3ria da Conquista. \u201cIsso \u00e9 uma falta de respeito para com as vidas das pessoas. [&hellip;]<\/p>\n","protected":false},"author":2,"featured_media":0,"comment_status":"open","ping_status":"open","sticky":false,"template":"","format":"standard","meta":{"footnotes":"","_links_to":"","_links_to_target":""},"categories":[1],"tags":[],"class_list":["post-10374","post","type-post","status-publish","format-standard","hentry","category-geral"],"views":1322,"_links":{"self":[{"href":"https:\/\/www.sudoestehoje.com.br\/novoportal\/wp-json\/wp\/v2\/posts\/10374","targetHints":{"allow":["GET"]}}],"collection":[{"href":"https:\/\/www.sudoestehoje.com.br\/novoportal\/wp-json\/wp\/v2\/posts"}],"about":[{"href":"https:\/\/www.sudoestehoje.com.br\/novoportal\/wp-json\/wp\/v2\/types\/post"}],"author":[{"embeddable":true,"href":"https:\/\/www.sudoestehoje.com.br\/novoportal\/wp-json\/wp\/v2\/users\/2"}],"replies":[{"embeddable":true,"href":"https:\/\/www.sudoestehoje.com.br\/novoportal\/wp-json\/wp\/v2\/comments?post=10374"}],"version-history":[{"count":2,"href":"https:\/\/www.sudoestehoje.com.br\/novoportal\/wp-json\/wp\/v2\/posts\/10374\/revisions"}],"predecessor-version":[{"id":10376,"href":"https:\/\/www.sudoestehoje.com.br\/novoportal\/wp-json\/wp\/v2\/posts\/10374\/revisions\/10376"}],"wp:attachment":[{"href":"https:\/\/www.sudoestehoje.com.br\/novoportal\/wp-json\/wp\/v2\/media?parent=10374"}],"wp:term":[{"taxonomy":"category","embeddable":true,"href":"https:\/\/www.sudoestehoje.com.br\/novoportal\/wp-json\/wp\/v2\/categories?post=10374"},{"taxonomy":"post_tag","embeddable":true,"href":"https:\/\/www.sudoestehoje.com.br\/novoportal\/wp-json\/wp\/v2\/tags?post=10374"}],"curies":[{"name":"wp","href":"https:\/\/api.w.org\/{rel}","templated":true}]}}