
{"id":103739,"date":"2022-07-28T20:06:40","date_gmt":"2022-07-28T23:06:40","guid":{"rendered":"https:\/\/www.sudoestehoje.com.br\/novoportal\/?p=103739"},"modified":"2022-07-28T20:06:40","modified_gmt":"2022-07-28T23:06:40","slug":"modalmais-futura-lula-e-bolsonaro-aparecem-em-empate-tecnico","status":"publish","type":"post","link":"https:\/\/www.sudoestehoje.com.br\/novoportal\/2022\/07\/28\/modalmais-futura-lula-e-bolsonaro-aparecem-em-empate-tecnico\/","title":{"rendered":"MODALMAIS\/FUTURA | LULA E BOLSONARO APARECEM EM EMPATE T\u00c9CNICO"},"content":{"rendered":"<p><a href=\"https:\/\/www.sudoestehoje.com.br\/novoportal\/wp-content\/uploads\/2022\/07\/WhatsApp-Image-2022-07-28-at-20.03.38.jpeg\"><img loading=\"lazy\" decoding=\"async\" class=\"aligncenter size-medium wp-image-103740\" src=\"https:\/\/www.sudoestehoje.com.br\/novoportal\/wp-content\/uploads\/2022\/07\/WhatsApp-Image-2022-07-28-at-20.03.38-500x316.jpeg\" alt=\"\" width=\"500\" height=\"316\" srcset=\"https:\/\/www.sudoestehoje.com.br\/novoportal\/wp-content\/uploads\/2022\/07\/WhatsApp-Image-2022-07-28-at-20.03.38-500x316.jpeg 500w, https:\/\/www.sudoestehoje.com.br\/novoportal\/wp-content\/uploads\/2022\/07\/WhatsApp-Image-2022-07-28-at-20.03.38-700x442.jpeg 700w, https:\/\/www.sudoestehoje.com.br\/novoportal\/wp-content\/uploads\/2022\/07\/WhatsApp-Image-2022-07-28-at-20.03.38.jpeg 723w\" sizes=\"auto, (max-width: 500px) 100vw, 500px\" \/><\/a><\/p>\n<p>Dados da pesquisa Modalmais\/Futura, divulgada nesta quinta-feira (28\/7), apontam que o ex-presidente\u00a0<a href=\"https:\/\/www.metropoles.com\/tag\/lula\" target=\"_blank\" rel=\"noopener noreferrer\">Luiz In\u00e1cio Lula da Sila (PT)<\/a>\u00a0tem 39,6% das inten\u00e7\u00f5es de voto nas\u00a0<a href=\"https:\/\/www.metropoles.com\/tag\/eleicoes-2022\" target=\"_blank\" rel=\"noopener noreferrer\">elei\u00e7\u00f5es de 2022<\/a>. O atual mandat\u00e1rio do pa\u00eds,\u00a0<a href=\"https:\/\/www.metropoles.com\/tag\/jair-bolsonaro\" target=\"_blank\" rel=\"noopener noreferrer\">Jair Bolsonaro (PL)<\/a>, ficou com 37,5%. Nesse cen\u00e1rio, os dois candidatos na lideran\u00e7a est\u00e3o empatados dentro da margem de erro.<\/p>\n<p>Os n\u00fameros fazem parte de pesquisa estimulada, na qual os entrevistadores apresentam uma lista de candidatos ao eleitor.<\/p>\n<p><span style=\"color: #0000ff;\"><strong><a style=\"color: #0000ff;\" href=\"https:\/\/www.metropoles.com\/brasil\/eleicoes-2022\/modalmais-futura-lula-e-bolsonaro-aparecem-em-empate-tecnico\">CONFIRA PESQUISA COMPLETA NO SITE METR\u00d3POLIS<\/a><\/strong><\/span><\/p>\n","protected":false},"excerpt":{"rendered":"<p>Dados da pesquisa Modalmais\/Futura, divulgada nesta quinta-feira (28\/7), apontam que o ex-presidente\u00a0Luiz In\u00e1cio Lula da Sila (PT)\u00a0tem 39,6% das inten\u00e7\u00f5es de voto nas\u00a0elei\u00e7\u00f5es de 2022. O atual mandat\u00e1rio do pa\u00eds,\u00a0Jair Bolsonaro (PL), ficou com 37,5%. Nesse cen\u00e1rio, os dois candidatos na lideran\u00e7a est\u00e3o empatados dentro da margem de erro. Os n\u00fameros fazem parte de pesquisa [&hellip;]<\/p>\n","protected":false},"author":2,"featured_media":103740,"comment_status":"open","ping_status":"open","sticky":false,"template":"","format":"standard","meta":{"footnotes":"","_links_to":"","_links_to_target":""},"categories":[1],"tags":[],"class_list":["post-103739","post","type-post","status-publish","format-standard","has-post-thumbnail","hentry","category-geral"],"views":976,"_links":{"self":[{"href":"https:\/\/www.sudoestehoje.com.br\/novoportal\/wp-json\/wp\/v2\/posts\/103739","targetHints":{"allow":["GET"]}}],"collection":[{"href":"https:\/\/www.sudoestehoje.com.br\/novoportal\/wp-json\/wp\/v2\/posts"}],"about":[{"href":"https:\/\/www.sudoestehoje.com.br\/novoportal\/wp-json\/wp\/v2\/types\/post"}],"author":[{"embeddable":true,"href":"https:\/\/www.sudoestehoje.com.br\/novoportal\/wp-json\/wp\/v2\/users\/2"}],"replies":[{"embeddable":true,"href":"https:\/\/www.sudoestehoje.com.br\/novoportal\/wp-json\/wp\/v2\/comments?post=103739"}],"version-history":[{"count":1,"href":"https:\/\/www.sudoestehoje.com.br\/novoportal\/wp-json\/wp\/v2\/posts\/103739\/revisions"}],"predecessor-version":[{"id":103741,"href":"https:\/\/www.sudoestehoje.com.br\/novoportal\/wp-json\/wp\/v2\/posts\/103739\/revisions\/103741"}],"wp:featuredmedia":[{"embeddable":true,"href":"https:\/\/www.sudoestehoje.com.br\/novoportal\/wp-json\/wp\/v2\/media\/103740"}],"wp:attachment":[{"href":"https:\/\/www.sudoestehoje.com.br\/novoportal\/wp-json\/wp\/v2\/media?parent=103739"}],"wp:term":[{"taxonomy":"category","embeddable":true,"href":"https:\/\/www.sudoestehoje.com.br\/novoportal\/wp-json\/wp\/v2\/categories?post=103739"},{"taxonomy":"post_tag","embeddable":true,"href":"https:\/\/www.sudoestehoje.com.br\/novoportal\/wp-json\/wp\/v2\/tags?post=103739"}],"curies":[{"name":"wp","href":"https:\/\/api.w.org\/{rel}","templated":true}]}}