
{"id":103734,"date":"2022-07-28T19:41:49","date_gmt":"2022-07-28T22:41:49","guid":{"rendered":"https:\/\/www.sudoestehoje.com.br\/novoportal\/?p=103734"},"modified":"2022-07-28T19:42:36","modified_gmt":"2022-07-28T22:42:36","slug":"micareta-de-feira-de-santana-e-cancelado-com-aumento-dos-casos-de-covid-19","status":"publish","type":"post","link":"https:\/\/www.sudoestehoje.com.br\/novoportal\/2022\/07\/28\/micareta-de-feira-de-santana-e-cancelado-com-aumento-dos-casos-de-covid-19\/","title":{"rendered":"MICARETA DE FEIRA DE SANTANA \u00c9 CANCELADA COM AUMENTO DOS CASOS DE COVID-19"},"content":{"rendered":"<p><a href=\"https:\/\/www.sudoestehoje.com.br\/novoportal\/wp-content\/uploads\/2022\/07\/04ad176823f33f7c0b7a301850dcd428.jpg\"><img loading=\"lazy\" decoding=\"async\" class=\"aligncenter size-medium wp-image-103736\" src=\"https:\/\/www.sudoestehoje.com.br\/novoportal\/wp-content\/uploads\/2022\/07\/04ad176823f33f7c0b7a301850dcd428-500x262.jpg\" alt=\"\" width=\"500\" height=\"262\" srcset=\"https:\/\/www.sudoestehoje.com.br\/novoportal\/wp-content\/uploads\/2022\/07\/04ad176823f33f7c0b7a301850dcd428-500x262.jpg 500w, https:\/\/www.sudoestehoje.com.br\/novoportal\/wp-content\/uploads\/2022\/07\/04ad176823f33f7c0b7a301850dcd428-700x366.jpg 700w, https:\/\/www.sudoestehoje.com.br\/novoportal\/wp-content\/uploads\/2022\/07\/04ad176823f33f7c0b7a301850dcd428-768x402.jpg 768w, https:\/\/www.sudoestehoje.com.br\/novoportal\/wp-content\/uploads\/2022\/07\/04ad176823f33f7c0b7a301850dcd428.jpg 860w\" sizes=\"auto, (max-width: 500px) 100vw, 500px\" \/><\/a><\/p>\n<p>O prefeito\u00a0 Colbert Martins anunciou na tarde desta quinta-feira (28) que est\u00e1 cancelada a realiza\u00e7\u00e3o da Micareta de Feira de Santana. A festa seria realizada entre os dias 15 e 18 de setembro deste ano.<\/p>\n<p>De acordo com o prefeito, a justificativa para o cancelamento do evento \u00e9 o aumento dos casos de covid-19 no munic\u00edpio, que ja contabilizou quase 6 mil casos neste m\u00eas de julho. Segundo ele, somente hoje h\u00e1 quatro pessoas internadas com a doen\u00e7a.<\/p>\n<p>Al\u00e9m disso, existe o temor pela chegada da var\u00edola dos macacos \u00e0 cidade, visto que diversos casos suspeitos na regi\u00e3o est\u00e3o sendo notificados e cinco j\u00e1 foram confirmados na capital baiana.<\/p>\n","protected":false},"excerpt":{"rendered":"<p>O prefeito\u00a0 Colbert Martins anunciou na tarde desta quinta-feira (28) que est\u00e1 cancelada a realiza\u00e7\u00e3o da Micareta de Feira de Santana. A festa seria realizada entre os dias 15 e 18 de setembro deste ano. De acordo com o prefeito, a justificativa para o cancelamento do evento \u00e9 o aumento dos casos de covid-19 no [&hellip;]<\/p>\n","protected":false},"author":2,"featured_media":103736,"comment_status":"open","ping_status":"open","sticky":false,"template":"","format":"standard","meta":{"footnotes":"","_links_to":"","_links_to_target":""},"categories":[1],"tags":[],"class_list":["post-103734","post","type-post","status-publish","format-standard","has-post-thumbnail","hentry","category-geral"],"views":786,"_links":{"self":[{"href":"https:\/\/www.sudoestehoje.com.br\/novoportal\/wp-json\/wp\/v2\/posts\/103734","targetHints":{"allow":["GET"]}}],"collection":[{"href":"https:\/\/www.sudoestehoje.com.br\/novoportal\/wp-json\/wp\/v2\/posts"}],"about":[{"href":"https:\/\/www.sudoestehoje.com.br\/novoportal\/wp-json\/wp\/v2\/types\/post"}],"author":[{"embeddable":true,"href":"https:\/\/www.sudoestehoje.com.br\/novoportal\/wp-json\/wp\/v2\/users\/2"}],"replies":[{"embeddable":true,"href":"https:\/\/www.sudoestehoje.com.br\/novoportal\/wp-json\/wp\/v2\/comments?post=103734"}],"version-history":[{"count":3,"href":"https:\/\/www.sudoestehoje.com.br\/novoportal\/wp-json\/wp\/v2\/posts\/103734\/revisions"}],"predecessor-version":[{"id":103738,"href":"https:\/\/www.sudoestehoje.com.br\/novoportal\/wp-json\/wp\/v2\/posts\/103734\/revisions\/103738"}],"wp:featuredmedia":[{"embeddable":true,"href":"https:\/\/www.sudoestehoje.com.br\/novoportal\/wp-json\/wp\/v2\/media\/103736"}],"wp:attachment":[{"href":"https:\/\/www.sudoestehoje.com.br\/novoportal\/wp-json\/wp\/v2\/media?parent=103734"}],"wp:term":[{"taxonomy":"category","embeddable":true,"href":"https:\/\/www.sudoestehoje.com.br\/novoportal\/wp-json\/wp\/v2\/categories?post=103734"},{"taxonomy":"post_tag","embeddable":true,"href":"https:\/\/www.sudoestehoje.com.br\/novoportal\/wp-json\/wp\/v2\/tags?post=103734"}],"curies":[{"name":"wp","href":"https:\/\/api.w.org\/{rel}","templated":true}]}}