
{"id":103715,"date":"2022-07-28T11:35:38","date_gmt":"2022-07-28T14:35:38","guid":{"rendered":"https:\/\/www.sudoestehoje.com.br\/novoportal\/?p=103715"},"modified":"2022-07-28T11:40:07","modified_gmt":"2022-07-28T14:40:07","slug":"regiao-coopardo-promove-palestras-em-parceria-com-o-sindicato-rural-de-itambe","status":"publish","type":"post","link":"https:\/\/www.sudoestehoje.com.br\/novoportal\/2022\/07\/28\/regiao-coopardo-promove-palestras-em-parceria-com-o-sindicato-rural-de-itambe\/","title":{"rendered":"REGI\u00c3O | COOPARDO PROMOVE PALESTRAS EM PARCERIA COM O SINDICATO RURAL DE ITAMB\u00c9"},"content":{"rendered":"<p><a href=\"https:\/\/www.sudoestehoje.com.br\/novoportal\/wp-content\/uploads\/2022\/07\/WhatsApp-Image-2022-07-27-at-20.08.51.jpeg\"><img loading=\"lazy\" decoding=\"async\" class=\"aligncenter size-medium wp-image-103721\" src=\"https:\/\/www.sudoestehoje.com.br\/novoportal\/wp-content\/uploads\/2022\/07\/WhatsApp-Image-2022-07-27-at-20.08.51-500x375.jpeg\" alt=\"\" width=\"500\" height=\"375\" srcset=\"https:\/\/www.sudoestehoje.com.br\/novoportal\/wp-content\/uploads\/2022\/07\/WhatsApp-Image-2022-07-27-at-20.08.51-500x375.jpeg 500w, https:\/\/www.sudoestehoje.com.br\/novoportal\/wp-content\/uploads\/2022\/07\/WhatsApp-Image-2022-07-27-at-20.08.51-700x525.jpeg 700w, https:\/\/www.sudoestehoje.com.br\/novoportal\/wp-content\/uploads\/2022\/07\/WhatsApp-Image-2022-07-27-at-20.08.51-768x576.jpeg 768w, https:\/\/www.sudoestehoje.com.br\/novoportal\/wp-content\/uploads\/2022\/07\/WhatsApp-Image-2022-07-27-at-20.08.51.jpeg 1156w\" sizes=\"auto, (max-width: 500px) 100vw, 500px\" \/><\/a><\/p>\n<p>Nesta quarta-feira (27), a Cooperativa Mista do M\u00e9dio Rio Pardo &#8211; COOPARDO promoveu uma s\u00e9rie de palestras voltadas \u00e0 classe produtora da regi\u00e3o, em parceria com o Sindicato Rural de Itamb\u00e9.<\/p>\n<p>As palestras foram ministradas na pr\u00f3pria sede do Sindicato Rural de Itamb\u00e9, pelos t\u00e9cnicos de campo da Coopardo, com a participa\u00e7\u00e3o do diretor comercial Alberto Nolasco e do Diretor Financeiro Carlos Arag\u00e3o.<\/p>\n<p>Os temas discutidos foram o <strong>Melhoramento Gen\u00e9tico de Bovinos de Corte e Leite<\/strong> e <strong>Suplementa\u00e7\u00e3o \u00e0 Pasto no Per\u00edodo de Seca.<\/strong><\/p>\n<p>O evento contou com uma grande participa\u00e7\u00e3o de produtores rurais de Itamb\u00e9 e regi\u00e3o, que parabenizaram a dire\u00e7\u00e3o da Coopardo pela iniciativa inovadora na gest\u00e3o do presidente Alex Coelho. <em>Confira fotos do evento:<\/em><\/p>\n\n\t\t<style type=\"text\/css\">\n\t\t\t#gallery-1 {\n\t\t\t\tmargin: auto;\n\t\t\t}\n\t\t\t#gallery-1 .gallery-item {\n\t\t\t\tfloat: left;\n\t\t\t\tmargin-top: 10px;\n\t\t\t\ttext-align: center;\n\t\t\t\twidth: 33%;\n\t\t\t}\n\t\t\t#gallery-1 img {\n\t\t\t\tborder: 2px solid #cfcfcf;\n\t\t\t}\n\t\t\t#gallery-1 .gallery-caption {\n\t\t\t\tmargin-left: 0;\n\t\t\t}\n\t\t\t\/* see gallery_shortcode() in wp-includes\/media.php *\/\n\t\t<\/style>\n\t\t<div id='gallery-1' class='gallery galleryid-103715 gallery-columns-3 gallery-size-thumbnail'><dl class='gallery-item'>\n\t\t\t<dt class='gallery-icon portrait'>\n\t\t\t\t<a href='https:\/\/www.sudoestehoje.com.br\/novoportal\/2022\/07\/28\/regiao-coopardo-promove-palestras-em-parceria-com-o-sindicato-rural-de-itambe\/whatsapp-image-2022-07-27-at-20-08-49\/'><img loading=\"lazy\" decoding=\"async\" width=\"150\" height=\"150\" src=\"https:\/\/www.sudoestehoje.com.br\/novoportal\/wp-content\/uploads\/2022\/07\/WhatsApp-Image-2022-07-27-at-20.08.49-150x150.jpeg\" class=\"attachment-thumbnail size-thumbnail\" alt=\"\" \/><\/a>\n\t\t\t<\/dt><\/dl><dl class='gallery-item'>\n\t\t\t<dt class='gallery-icon landscape'>\n\t\t\t\t<a href='https:\/\/www.sudoestehoje.com.br\/novoportal\/2022\/07\/28\/regiao-coopardo-promove-palestras-em-parceria-com-o-sindicato-rural-de-itambe\/whatsapp-image-2022-07-27-at-20-08-50\/'><img loading=\"lazy\" decoding=\"async\" width=\"150\" height=\"150\" src=\"https:\/\/www.sudoestehoje.com.br\/novoportal\/wp-content\/uploads\/2022\/07\/WhatsApp-Image-2022-07-27-at-20.08.50-150x150.jpeg\" class=\"attachment-thumbnail size-thumbnail\" alt=\"\" \/><\/a>\n\t\t\t<\/dt><\/dl><dl class='gallery-item'>\n\t\t\t<dt class='gallery-icon landscape'>\n\t\t\t\t<a href='https:\/\/www.sudoestehoje.com.br\/novoportal\/2022\/07\/28\/regiao-coopardo-promove-palestras-em-parceria-com-o-sindicato-rural-de-itambe\/whatsapp-image-2022-07-27-at-20-08-51-2\/'><img loading=\"lazy\" decoding=\"async\" width=\"150\" height=\"150\" src=\"https:\/\/www.sudoestehoje.com.br\/novoportal\/wp-content\/uploads\/2022\/07\/WhatsApp-Image-2022-07-27-at-20.08.51-2-150x150.jpeg\" class=\"attachment-thumbnail size-thumbnail\" alt=\"\" \/><\/a>\n\t\t\t<\/dt><\/dl><br style=\"clear: both\" \/><dl class='gallery-item'>\n\t\t\t<dt class='gallery-icon landscape'>\n\t\t\t\t<a href='https:\/\/www.sudoestehoje.com.br\/novoportal\/2022\/07\/28\/regiao-coopardo-promove-palestras-em-parceria-com-o-sindicato-rural-de-itambe\/whatsapp-image-2022-07-27-at-20-08-52\/'><img loading=\"lazy\" decoding=\"async\" width=\"150\" height=\"150\" src=\"https:\/\/www.sudoestehoje.com.br\/novoportal\/wp-content\/uploads\/2022\/07\/WhatsApp-Image-2022-07-27-at-20.08.52-150x150.jpeg\" class=\"attachment-thumbnail size-thumbnail\" alt=\"\" \/><\/a>\n\t\t\t<\/dt><\/dl><dl class='gallery-item'>\n\t\t\t<dt class='gallery-icon portrait'>\n\t\t\t\t<a href='https:\/\/www.sudoestehoje.com.br\/novoportal\/2022\/07\/28\/regiao-coopardo-promove-palestras-em-parceria-com-o-sindicato-rural-de-itambe\/whatsapp-image-2022-07-27-at-20-08-52-1\/'><img loading=\"lazy\" decoding=\"async\" width=\"150\" height=\"150\" src=\"https:\/\/www.sudoestehoje.com.br\/novoportal\/wp-content\/uploads\/2022\/07\/WhatsApp-Image-2022-07-27-at-20.08.52-1-150x150.jpeg\" class=\"attachment-thumbnail size-thumbnail\" alt=\"\" \/><\/a>\n\t\t\t<\/dt><\/dl><dl class='gallery-item'>\n\t\t\t<dt class='gallery-icon landscape'>\n\t\t\t\t<a href='https:\/\/www.sudoestehoje.com.br\/novoportal\/2022\/07\/28\/regiao-coopardo-promove-palestras-em-parceria-com-o-sindicato-rural-de-itambe\/whatsapp-image-2022-07-27-at-20-08-51-1\/'><img loading=\"lazy\" decoding=\"async\" width=\"150\" height=\"150\" src=\"https:\/\/www.sudoestehoje.com.br\/novoportal\/wp-content\/uploads\/2022\/07\/WhatsApp-Image-2022-07-27-at-20.08.51-1-150x150.jpeg\" class=\"attachment-thumbnail size-thumbnail\" alt=\"\" \/><\/a>\n\t\t\t<\/dt><\/dl><br style=\"clear: both\" \/>\n\t\t<\/div>\n\n<p><strong><em>Por Davi Ferraz<\/em><\/strong><\/p>\n","protected":false},"excerpt":{"rendered":"<p>Nesta quarta-feira (27), a Cooperativa Mista do M\u00e9dio Rio Pardo &#8211; COOPARDO promoveu uma s\u00e9rie de palestras voltadas \u00e0 classe produtora da regi\u00e3o, em parceria com o Sindicato Rural de Itamb\u00e9. As palestras foram ministradas na pr\u00f3pria sede do Sindicato Rural de Itamb\u00e9, pelos t\u00e9cnicos de campo da Coopardo, com a participa\u00e7\u00e3o do diretor comercial [&hellip;]<\/p>\n","protected":false},"author":2,"featured_media":103721,"comment_status":"open","ping_status":"open","sticky":false,"template":"","format":"standard","meta":{"footnotes":"","_links_to":"","_links_to_target":""},"categories":[1],"tags":[],"class_list":["post-103715","post","type-post","status-publish","format-standard","has-post-thumbnail","hentry","category-geral"],"views":843,"_links":{"self":[{"href":"https:\/\/www.sudoestehoje.com.br\/novoportal\/wp-json\/wp\/v2\/posts\/103715","targetHints":{"allow":["GET"]}}],"collection":[{"href":"https:\/\/www.sudoestehoje.com.br\/novoportal\/wp-json\/wp\/v2\/posts"}],"about":[{"href":"https:\/\/www.sudoestehoje.com.br\/novoportal\/wp-json\/wp\/v2\/types\/post"}],"author":[{"embeddable":true,"href":"https:\/\/www.sudoestehoje.com.br\/novoportal\/wp-json\/wp\/v2\/users\/2"}],"replies":[{"embeddable":true,"href":"https:\/\/www.sudoestehoje.com.br\/novoportal\/wp-json\/wp\/v2\/comments?post=103715"}],"version-history":[{"count":5,"href":"https:\/\/www.sudoestehoje.com.br\/novoportal\/wp-json\/wp\/v2\/posts\/103715\/revisions"}],"predecessor-version":[{"id":103728,"href":"https:\/\/www.sudoestehoje.com.br\/novoportal\/wp-json\/wp\/v2\/posts\/103715\/revisions\/103728"}],"wp:featuredmedia":[{"embeddable":true,"href":"https:\/\/www.sudoestehoje.com.br\/novoportal\/wp-json\/wp\/v2\/media\/103721"}],"wp:attachment":[{"href":"https:\/\/www.sudoestehoje.com.br\/novoportal\/wp-json\/wp\/v2\/media?parent=103715"}],"wp:term":[{"taxonomy":"category","embeddable":true,"href":"https:\/\/www.sudoestehoje.com.br\/novoportal\/wp-json\/wp\/v2\/categories?post=103715"},{"taxonomy":"post_tag","embeddable":true,"href":"https:\/\/www.sudoestehoje.com.br\/novoportal\/wp-json\/wp\/v2\/tags?post=103715"}],"curies":[{"name":"wp","href":"https:\/\/api.w.org\/{rel}","templated":true}]}}