
{"id":103708,"date":"2022-07-28T10:36:25","date_gmt":"2022-07-28T13:36:25","guid":{"rendered":"https:\/\/www.sudoestehoje.com.br\/novoportal\/?p=103708"},"modified":"2022-07-28T10:37:16","modified_gmt":"2022-07-28T13:37:16","slug":"itapetinga-prefeitura-e-if-baiano-se-unem-para-avancar-na-educacao","status":"publish","type":"post","link":"https:\/\/www.sudoestehoje.com.br\/novoportal\/2022\/07\/28\/itapetinga-prefeitura-e-if-baiano-se-unem-para-avancar-na-educacao\/","title":{"rendered":"ITAPETINGA | PREFEITURA E IF-BAIANO SE UNEM PARA AVAN\u00c7AR NA EDUCA\u00c7\u00c3O"},"content":{"rendered":"<p><a href=\"https:\/\/www.sudoestehoje.com.br\/novoportal\/wp-content\/uploads\/2022\/07\/WhatsApp-Image-2022-07-27-at-15.05.11.jpeg\"><img loading=\"lazy\" decoding=\"async\" class=\"aligncenter size-medium wp-image-103709\" src=\"https:\/\/www.sudoestehoje.com.br\/novoportal\/wp-content\/uploads\/2022\/07\/WhatsApp-Image-2022-07-27-at-15.05.11-500x333.jpeg\" alt=\"\" width=\"500\" height=\"333\" srcset=\"https:\/\/www.sudoestehoje.com.br\/novoportal\/wp-content\/uploads\/2022\/07\/WhatsApp-Image-2022-07-27-at-15.05.11-500x333.jpeg 500w, https:\/\/www.sudoestehoje.com.br\/novoportal\/wp-content\/uploads\/2022\/07\/WhatsApp-Image-2022-07-27-at-15.05.11-700x466.jpeg 700w, https:\/\/www.sudoestehoje.com.br\/novoportal\/wp-content\/uploads\/2022\/07\/WhatsApp-Image-2022-07-27-at-15.05.11-768x512.jpeg 768w, https:\/\/www.sudoestehoje.com.br\/novoportal\/wp-content\/uploads\/2022\/07\/WhatsApp-Image-2022-07-27-at-15.05.11.jpeg 1280w\" sizes=\"auto, (max-width: 500px) 100vw, 500px\" \/><\/a><\/p>\n<p>Boas parcerias ajudam a construir bons caminhos na educa\u00e7\u00e3o. Quando se tem pela frente o desafio de oferecer educa\u00e7\u00e3o de qualidade a jovens e adultos, por exemplo, essas parcerias tornam-se ainda mais importantes. Pensando nisso, o secret\u00e1rio de educa\u00e7\u00e3o de Itapetinga, F\u00e1bio Viana, se reuniu com a equipe do Instituto Federal Baiano para aproximar as duas redes p\u00fablicas e, juntos, tra\u00e7arem planos para o desenvolvimento de um trabalho conjunto.<\/p>\n<p>Na reuni\u00e3o foi desenhado um Termo de Coopera\u00e7\u00e3o T\u00e9cnica que dever\u00e1 oferecer cursos de extens\u00e3o aos alunos da EJA \u2013 Educa\u00e7\u00e3o de Jovens e Adultos. \u201cA ideia \u00e9, al\u00e9m trazer maior motiva\u00e7\u00e3o a esses alunos que, na maioria das vezes, precisam se dividir entre o trabalho, os estudos e os afazeres de casa, oferecer a eles novas fontes de renda atrav\u00e9s do conhecimento t\u00e9cnico\u201d, explicou F\u00e1bio Viana.<\/p>\n<p>Os cursos que ser\u00e3o oferecidos t\u00eam como objetivo a inclus\u00e3o produtiva dos alunos e desenvolver\u00e3o t\u00e9cnicas como as de produ\u00e7\u00e3o de geleias e de carnes para hamb\u00farguer, manuten\u00e7\u00e3o de computadores, produ\u00e7\u00e3o de compostagem.<\/p>\n<p>Al\u00e9m de reduzir a evas\u00e3o escolar, o projeto tem como objetivo fomentar a gera\u00e7\u00e3o de renda, diminuindo, em muitas vezes, a vulnerabilidade social desse grupo. \u201cA maior parte dos alunos do EJA s\u00e3o de jovens trabalhadores e estudar depois de um dia de trabalho n\u00e3o \u00e9 tarefa f\u00e1cil, por isso estamos firmando parcerias para fazer com que a escola seja um ambiente enriquecedor e atrativo. Que eles possam ver, atrav\u00e9s da educa\u00e7\u00e3o, em um futuro mais pr\u00f3ximo, novas oportunidades de transforma\u00e7\u00e3o social\u201d, falou F\u00e1bio.<\/p>\n<p>Durante a reuni\u00e3o tamb\u00e9m foi discutida a possibilidade de parceria para o trabalho com os alunos da educa\u00e7\u00e3o especial. O munic\u00edpio, atrav\u00e9s do Centro de Atendimento Educacional Especializado, e o Instituto Federal, com o N\u00facleo de Atendimento \u00e0s Pessoas com Necessidades Espec\u00edficas, promover\u00e3o trocas de experi\u00eancias e realizar\u00e3o atividades em conjunto com o objetivo de levar mais qualidade educacional e oportunidade de oferecer maior inclus\u00e3o aos alunos com defici\u00eancia.<\/p>\n<p>\u201cEu acredito na for\u00e7a transformadora da educa\u00e7\u00e3o, principalmente, da educa\u00e7\u00e3o p\u00fablica. Por isso estamos estudando formas de levar mais qualidade aos nossos alunos, aproximar a escola e o conhecimento da realidade de cada comunidade escolar e auxiliar, verdadeiramente, na constru\u00e7\u00e3o de um futuro melhor para os nossos jovens\u201d, concluiu F\u00e1bio Viana.<\/p>\n\n\t\t<style type=\"text\/css\">\n\t\t\t#gallery-1 {\n\t\t\t\tmargin: auto;\n\t\t\t}\n\t\t\t#gallery-1 .gallery-item {\n\t\t\t\tfloat: left;\n\t\t\t\tmargin-top: 10px;\n\t\t\t\ttext-align: center;\n\t\t\t\twidth: 50%;\n\t\t\t}\n\t\t\t#gallery-1 img {\n\t\t\t\tborder: 2px solid #cfcfcf;\n\t\t\t}\n\t\t\t#gallery-1 .gallery-caption {\n\t\t\t\tmargin-left: 0;\n\t\t\t}\n\t\t\t\/* see gallery_shortcode() in wp-includes\/media.php *\/\n\t\t<\/style>\n\t\t<div id='gallery-1' class='gallery galleryid-103708 gallery-columns-2 gallery-size-medium'><dl class='gallery-item'>\n\t\t\t<dt class='gallery-icon landscape'>\n\t\t\t\t<a href='https:\/\/www.sudoestehoje.com.br\/novoportal\/2022\/07\/28\/itapetinga-prefeitura-e-if-baiano-se-unem-para-avancar-na-educacao\/whatsapp-image-2022-07-27-at-15-05-11-1\/'><img loading=\"lazy\" decoding=\"async\" width=\"500\" height=\"333\" src=\"https:\/\/www.sudoestehoje.com.br\/novoportal\/wp-content\/uploads\/2022\/07\/WhatsApp-Image-2022-07-27-at-15.05.11-1-500x333.jpeg\" class=\"attachment-medium size-medium\" alt=\"\" srcset=\"https:\/\/www.sudoestehoje.com.br\/novoportal\/wp-content\/uploads\/2022\/07\/WhatsApp-Image-2022-07-27-at-15.05.11-1-500x333.jpeg 500w, https:\/\/www.sudoestehoje.com.br\/novoportal\/wp-content\/uploads\/2022\/07\/WhatsApp-Image-2022-07-27-at-15.05.11-1-700x466.jpeg 700w, https:\/\/www.sudoestehoje.com.br\/novoportal\/wp-content\/uploads\/2022\/07\/WhatsApp-Image-2022-07-27-at-15.05.11-1-768x512.jpeg 768w, https:\/\/www.sudoestehoje.com.br\/novoportal\/wp-content\/uploads\/2022\/07\/WhatsApp-Image-2022-07-27-at-15.05.11-1.jpeg 1280w\" sizes=\"auto, (max-width: 500px) 100vw, 500px\" \/><\/a>\n\t\t\t<\/dt><\/dl><dl class='gallery-item'>\n\t\t\t<dt class='gallery-icon landscape'>\n\t\t\t\t<a href='https:\/\/www.sudoestehoje.com.br\/novoportal\/2022\/07\/28\/itapetinga-prefeitura-e-if-baiano-se-unem-para-avancar-na-educacao\/whatsapp-image-2022-07-27-at-15-05-11-2\/'><img loading=\"lazy\" decoding=\"async\" width=\"500\" height=\"333\" src=\"https:\/\/www.sudoestehoje.com.br\/novoportal\/wp-content\/uploads\/2022\/07\/WhatsApp-Image-2022-07-27-at-15.05.11-2-500x333.jpeg\" class=\"attachment-medium size-medium\" alt=\"\" srcset=\"https:\/\/www.sudoestehoje.com.br\/novoportal\/wp-content\/uploads\/2022\/07\/WhatsApp-Image-2022-07-27-at-15.05.11-2-500x333.jpeg 500w, https:\/\/www.sudoestehoje.com.br\/novoportal\/wp-content\/uploads\/2022\/07\/WhatsApp-Image-2022-07-27-at-15.05.11-2-700x466.jpeg 700w, https:\/\/www.sudoestehoje.com.br\/novoportal\/wp-content\/uploads\/2022\/07\/WhatsApp-Image-2022-07-27-at-15.05.11-2-768x512.jpeg 768w, https:\/\/www.sudoestehoje.com.br\/novoportal\/wp-content\/uploads\/2022\/07\/WhatsApp-Image-2022-07-27-at-15.05.11-2.jpeg 1280w\" sizes=\"auto, (max-width: 500px) 100vw, 500px\" \/><\/a>\n\t\t\t<\/dt><\/dl><br style=\"clear: both\" \/>\n\t\t<\/div>\n\n","protected":false},"excerpt":{"rendered":"<p>Boas parcerias ajudam a construir bons caminhos na educa\u00e7\u00e3o. Quando se tem pela frente o desafio de oferecer educa\u00e7\u00e3o de qualidade a jovens e adultos, por exemplo, essas parcerias tornam-se ainda mais importantes. Pensando nisso, o secret\u00e1rio de educa\u00e7\u00e3o de Itapetinga, F\u00e1bio Viana, se reuniu com a equipe do Instituto Federal Baiano para aproximar as [&hellip;]<\/p>\n","protected":false},"author":2,"featured_media":103709,"comment_status":"open","ping_status":"open","sticky":false,"template":"","format":"standard","meta":{"footnotes":"","_links_to":"","_links_to_target":""},"categories":[1],"tags":[],"class_list":["post-103708","post","type-post","status-publish","format-standard","has-post-thumbnail","hentry","category-geral"],"views":802,"_links":{"self":[{"href":"https:\/\/www.sudoestehoje.com.br\/novoportal\/wp-json\/wp\/v2\/posts\/103708","targetHints":{"allow":["GET"]}}],"collection":[{"href":"https:\/\/www.sudoestehoje.com.br\/novoportal\/wp-json\/wp\/v2\/posts"}],"about":[{"href":"https:\/\/www.sudoestehoje.com.br\/novoportal\/wp-json\/wp\/v2\/types\/post"}],"author":[{"embeddable":true,"href":"https:\/\/www.sudoestehoje.com.br\/novoportal\/wp-json\/wp\/v2\/users\/2"}],"replies":[{"embeddable":true,"href":"https:\/\/www.sudoestehoje.com.br\/novoportal\/wp-json\/wp\/v2\/comments?post=103708"}],"version-history":[{"count":3,"href":"https:\/\/www.sudoestehoje.com.br\/novoportal\/wp-json\/wp\/v2\/posts\/103708\/revisions"}],"predecessor-version":[{"id":103714,"href":"https:\/\/www.sudoestehoje.com.br\/novoportal\/wp-json\/wp\/v2\/posts\/103708\/revisions\/103714"}],"wp:featuredmedia":[{"embeddable":true,"href":"https:\/\/www.sudoestehoje.com.br\/novoportal\/wp-json\/wp\/v2\/media\/103709"}],"wp:attachment":[{"href":"https:\/\/www.sudoestehoje.com.br\/novoportal\/wp-json\/wp\/v2\/media?parent=103708"}],"wp:term":[{"taxonomy":"category","embeddable":true,"href":"https:\/\/www.sudoestehoje.com.br\/novoportal\/wp-json\/wp\/v2\/categories?post=103708"},{"taxonomy":"post_tag","embeddable":true,"href":"https:\/\/www.sudoestehoje.com.br\/novoportal\/wp-json\/wp\/v2\/tags?post=103708"}],"curies":[{"name":"wp","href":"https:\/\/api.w.org\/{rel}","templated":true}]}}