
{"id":103703,"date":"2022-07-28T10:10:28","date_gmt":"2022-07-28T13:10:28","guid":{"rendered":"https:\/\/www.sudoestehoje.com.br\/novoportal\/?p=103703"},"modified":"2022-07-28T10:13:17","modified_gmt":"2022-07-28T13:13:17","slug":"itapetinga-morre-o-conhecido-acougueiro-edvaldo-do-bode","status":"publish","type":"post","link":"https:\/\/www.sudoestehoje.com.br\/novoportal\/2022\/07\/28\/itapetinga-morre-o-conhecido-acougueiro-edvaldo-do-bode\/","title":{"rendered":"ITAPETINGA: MORRE O CONHECIDO A\u00c7OUGUEIRO &#8216;EDVALDO DO BODE&#8217;"},"content":{"rendered":"<p><a href=\"https:\/\/www.sudoestehoje.com.br\/novoportal\/wp-content\/uploads\/2022\/07\/WhatsApp-Image-2022-07-28-at-10.03.54.jpeg\"><img loading=\"lazy\" decoding=\"async\" class=\"aligncenter size-medium wp-image-103704\" src=\"https:\/\/www.sudoestehoje.com.br\/novoportal\/wp-content\/uploads\/2022\/07\/WhatsApp-Image-2022-07-28-at-10.03.54-500x348.jpeg\" alt=\"\" width=\"500\" height=\"348\" srcset=\"https:\/\/www.sudoestehoje.com.br\/novoportal\/wp-content\/uploads\/2022\/07\/WhatsApp-Image-2022-07-28-at-10.03.54-500x348.jpeg 500w, https:\/\/www.sudoestehoje.com.br\/novoportal\/wp-content\/uploads\/2022\/07\/WhatsApp-Image-2022-07-28-at-10.03.54-700x487.jpeg 700w, https:\/\/www.sudoestehoje.com.br\/novoportal\/wp-content\/uploads\/2022\/07\/WhatsApp-Image-2022-07-28-at-10.03.54-768x535.jpeg 768w, https:\/\/www.sudoestehoje.com.br\/novoportal\/wp-content\/uploads\/2022\/07\/WhatsApp-Image-2022-07-28-at-10.03.54.jpeg 1080w\" sizes=\"auto, (max-width: 500px) 100vw, 500px\" \/><\/a><\/p>\n<p>Comunicamos o falecimento do conhecido a\u00e7ougueiro &#8216;Edvaldo do Bode&#8217;, comerciante da Central II de Abastecimento de Itapetinga.<\/p>\n<p>Edvaldo &#8216;&#8221;do Bode&#8221; ou &#8220;dos Carneiros&#8221;, como era conhecido pelos amigos e comerciantes da cidade, j\u00e1 vinha com problemas de sa\u00fade h\u00e1 alguns meses, tendo se afastamento da atividade que exercia desde o antigo Mercado Municipal, na Pra\u00e7a da Bandeira (atual Pra\u00e7a da B\u00edblia).<\/p>\n<p>O<em> Sudoeste Hoje<\/em> lamenta a perda do amigo e manifesta o seu pesar aos familiares e amigos de Edvaldo.<\/p>\n<p><strong><em>Davi Ferraz<\/em><\/strong><\/p>\n","protected":false},"excerpt":{"rendered":"<p>Comunicamos o falecimento do conhecido a\u00e7ougueiro &#8216;Edvaldo do Bode&#8217;, comerciante da Central II de Abastecimento de Itapetinga. Edvaldo &#8216;&#8221;do Bode&#8221; ou &#8220;dos Carneiros&#8221;, como era conhecido pelos amigos e comerciantes da cidade, j\u00e1 vinha com problemas de sa\u00fade h\u00e1 alguns meses, tendo se afastamento da atividade que exercia desde o antigo Mercado Municipal, na Pra\u00e7a [&hellip;]<\/p>\n","protected":false},"author":2,"featured_media":103704,"comment_status":"open","ping_status":"open","sticky":false,"template":"","format":"standard","meta":{"footnotes":"","_links_to":"","_links_to_target":""},"categories":[1],"tags":[],"class_list":["post-103703","post","type-post","status-publish","format-standard","has-post-thumbnail","hentry","category-geral"],"views":2336,"_links":{"self":[{"href":"https:\/\/www.sudoestehoje.com.br\/novoportal\/wp-json\/wp\/v2\/posts\/103703","targetHints":{"allow":["GET"]}}],"collection":[{"href":"https:\/\/www.sudoestehoje.com.br\/novoportal\/wp-json\/wp\/v2\/posts"}],"about":[{"href":"https:\/\/www.sudoestehoje.com.br\/novoportal\/wp-json\/wp\/v2\/types\/post"}],"author":[{"embeddable":true,"href":"https:\/\/www.sudoestehoje.com.br\/novoportal\/wp-json\/wp\/v2\/users\/2"}],"replies":[{"embeddable":true,"href":"https:\/\/www.sudoestehoje.com.br\/novoportal\/wp-json\/wp\/v2\/comments?post=103703"}],"version-history":[{"count":3,"href":"https:\/\/www.sudoestehoje.com.br\/novoportal\/wp-json\/wp\/v2\/posts\/103703\/revisions"}],"predecessor-version":[{"id":103707,"href":"https:\/\/www.sudoestehoje.com.br\/novoportal\/wp-json\/wp\/v2\/posts\/103703\/revisions\/103707"}],"wp:featuredmedia":[{"embeddable":true,"href":"https:\/\/www.sudoestehoje.com.br\/novoportal\/wp-json\/wp\/v2\/media\/103704"}],"wp:attachment":[{"href":"https:\/\/www.sudoestehoje.com.br\/novoportal\/wp-json\/wp\/v2\/media?parent=103703"}],"wp:term":[{"taxonomy":"category","embeddable":true,"href":"https:\/\/www.sudoestehoje.com.br\/novoportal\/wp-json\/wp\/v2\/categories?post=103703"},{"taxonomy":"post_tag","embeddable":true,"href":"https:\/\/www.sudoestehoje.com.br\/novoportal\/wp-json\/wp\/v2\/tags?post=103703"}],"curies":[{"name":"wp","href":"https:\/\/api.w.org\/{rel}","templated":true}]}}