
{"id":103695,"date":"2022-07-26T18:36:02","date_gmt":"2022-07-26T21:36:02","guid":{"rendered":"https:\/\/www.sudoestehoje.com.br\/novoportal\/?p=103695"},"modified":"2022-07-26T18:36:02","modified_gmt":"2022-07-26T21:36:02","slug":"nova-carteira-de-identidade-comeca-a-ser-emitida-no-rs-bahia-nao-tem-previsao","status":"publish","type":"post","link":"https:\/\/www.sudoestehoje.com.br\/novoportal\/2022\/07\/26\/nova-carteira-de-identidade-comeca-a-ser-emitida-no-rs-bahia-nao-tem-previsao\/","title":{"rendered":"NOVA CARTEIRA DE IDENTIDADE COME\u00c7A A SER EMITIDA NO RS; BAHIA N\u00c3O TEM PREVIS\u00c3O"},"content":{"rendered":"<p><a href=\"https:\/\/www.sudoestehoje.com.br\/novoportal\/wp-content\/uploads\/2022\/07\/IDENTIDADE_TSE.jpg\"><img loading=\"lazy\" decoding=\"async\" class=\"aligncenter size-medium wp-image-103696\" src=\"https:\/\/www.sudoestehoje.com.br\/novoportal\/wp-content\/uploads\/2022\/07\/IDENTIDADE_TSE-500x298.jpg\" alt=\"\" width=\"500\" height=\"298\" srcset=\"https:\/\/www.sudoestehoje.com.br\/novoportal\/wp-content\/uploads\/2022\/07\/IDENTIDADE_TSE-500x298.jpg 500w, https:\/\/www.sudoestehoje.com.br\/novoportal\/wp-content\/uploads\/2022\/07\/IDENTIDADE_TSE.jpg 640w\" sizes=\"auto, (max-width: 500px) 100vw, 500px\" \/><\/a><\/p>\n<p>Come\u00e7ou a ser emitida nesta ter\u00e7a-feira (26) a nova carteira de identidade nacional, documento que adotar\u00e1 o n\u00famero de inscri\u00e7\u00e3o do Cadastro de Pessoas F\u00edsicas (CPF) como \u201cregistro geral, \u00fanico e v\u00e1lido para todo o pa\u00eds\u201d.<\/p>\n<p>O primeiro estado do Brasil a emitir a carteira ser\u00e1 o Rio Grande do Sul, a partir desta ter\u00e7a-feira (26). Em seguida, vir\u00e3o Acre, Distrito Federal, Goi\u00e1s, Minas e Paran\u00e1. N\u00e3o h\u00e1 ainda previs\u00e3o para a Bahia e demais estados.<\/p>\n<p>A nova identidade vem com um QR Code, que pode ser lido por qualquer dispositivo apropriado, como um smartphone, o que permitir\u00e1 a valida\u00e7\u00e3o eletr\u00f4nica de sua autenticidade, bem como saber se ele foi furtado ou extraviado.<\/p>\n<p>Essa nova vers\u00e3o do documento de identifica\u00e7\u00e3o servir\u00e1 tamb\u00e9m de documento de viagem, devido \u00e0 inclus\u00e3o de um c\u00f3digo de padr\u00e3o internacional chamado MRZ, o mesmo usado em passaportes.<\/p>\n","protected":false},"excerpt":{"rendered":"<p>Come\u00e7ou a ser emitida nesta ter\u00e7a-feira (26) a nova carteira de identidade nacional, documento que adotar\u00e1 o n\u00famero de inscri\u00e7\u00e3o do Cadastro de Pessoas F\u00edsicas (CPF) como \u201cregistro geral, \u00fanico e v\u00e1lido para todo o pa\u00eds\u201d. O primeiro estado do Brasil a emitir a carteira ser\u00e1 o Rio Grande do Sul, a partir desta ter\u00e7a-feira [&hellip;]<\/p>\n","protected":false},"author":2,"featured_media":103696,"comment_status":"open","ping_status":"open","sticky":false,"template":"","format":"standard","meta":{"footnotes":"","_links_to":"","_links_to_target":""},"categories":[1],"tags":[],"class_list":["post-103695","post","type-post","status-publish","format-standard","has-post-thumbnail","hentry","category-geral"],"views":834,"_links":{"self":[{"href":"https:\/\/www.sudoestehoje.com.br\/novoportal\/wp-json\/wp\/v2\/posts\/103695","targetHints":{"allow":["GET"]}}],"collection":[{"href":"https:\/\/www.sudoestehoje.com.br\/novoportal\/wp-json\/wp\/v2\/posts"}],"about":[{"href":"https:\/\/www.sudoestehoje.com.br\/novoportal\/wp-json\/wp\/v2\/types\/post"}],"author":[{"embeddable":true,"href":"https:\/\/www.sudoestehoje.com.br\/novoportal\/wp-json\/wp\/v2\/users\/2"}],"replies":[{"embeddable":true,"href":"https:\/\/www.sudoestehoje.com.br\/novoportal\/wp-json\/wp\/v2\/comments?post=103695"}],"version-history":[{"count":6,"href":"https:\/\/www.sudoestehoje.com.br\/novoportal\/wp-json\/wp\/v2\/posts\/103695\/revisions"}],"predecessor-version":[{"id":103702,"href":"https:\/\/www.sudoestehoje.com.br\/novoportal\/wp-json\/wp\/v2\/posts\/103695\/revisions\/103702"}],"wp:featuredmedia":[{"embeddable":true,"href":"https:\/\/www.sudoestehoje.com.br\/novoportal\/wp-json\/wp\/v2\/media\/103696"}],"wp:attachment":[{"href":"https:\/\/www.sudoestehoje.com.br\/novoportal\/wp-json\/wp\/v2\/media?parent=103695"}],"wp:term":[{"taxonomy":"category","embeddable":true,"href":"https:\/\/www.sudoestehoje.com.br\/novoportal\/wp-json\/wp\/v2\/categories?post=103695"},{"taxonomy":"post_tag","embeddable":true,"href":"https:\/\/www.sudoestehoje.com.br\/novoportal\/wp-json\/wp\/v2\/tags?post=103695"}],"curies":[{"name":"wp","href":"https:\/\/api.w.org\/{rel}","templated":true}]}}