
{"id":103690,"date":"2022-07-26T17:51:40","date_gmt":"2022-07-26T20:51:40","guid":{"rendered":"https:\/\/www.sudoestehoje.com.br\/novoportal\/?p=103690"},"modified":"2022-07-26T17:51:40","modified_gmt":"2022-07-26T20:51:40","slug":"tse-nega-cancelamento-da-convencao-do-mdb-marcada-para-oficializar-tebet","status":"publish","type":"post","link":"https:\/\/www.sudoestehoje.com.br\/novoportal\/2022\/07\/26\/tse-nega-cancelamento-da-convencao-do-mdb-marcada-para-oficializar-tebet\/","title":{"rendered":"TSE NEGA CANCELAMENTO DA CONVEN\u00c7\u00c3O DO MDB MARCADA PARA OFICIALIZAR TEBET"},"content":{"rendered":"<p><a href=\"https:\/\/www.sudoestehoje.com.br\/novoportal\/wp-content\/uploads\/2022\/07\/tebet-1000x530-1.jpg\"><img loading=\"lazy\" decoding=\"async\" class=\"aligncenter size-medium wp-image-103692\" src=\"https:\/\/www.sudoestehoje.com.br\/novoportal\/wp-content\/uploads\/2022\/07\/tebet-1000x530-1-500x265.jpg\" alt=\"\" width=\"500\" height=\"265\" srcset=\"https:\/\/www.sudoestehoje.com.br\/novoportal\/wp-content\/uploads\/2022\/07\/tebet-1000x530-1-500x265.jpg 500w, https:\/\/www.sudoestehoje.com.br\/novoportal\/wp-content\/uploads\/2022\/07\/tebet-1000x530-1-700x371.jpg 700w, https:\/\/www.sudoestehoje.com.br\/novoportal\/wp-content\/uploads\/2022\/07\/tebet-1000x530-1-768x407.jpg 768w, https:\/\/www.sudoestehoje.com.br\/novoportal\/wp-content\/uploads\/2022\/07\/tebet-1000x530-1.jpg 1000w\" sizes=\"auto, (max-width: 500px) 100vw, 500px\" \/><\/a><\/p>\n<p>O Tribunal Superior Eleitoral (TSE) negou nesta ter\u00e7a-feira (26) um pedido para cancelar a conven\u00e7\u00e3o do MDB nacional marcada para esta quarta-feira (27). O despacho foi assinado pelo ministro Mauro Campbell Marques.<\/p>\n<p>O objetivo do evento \u00e9 <strong>confirmar a candidatura presidencial da senadora Simone Tebet (MS)<\/strong>. A a\u00e7\u00e3o havia sido apresentada por um filiado ao MDB de Alagoas, estado do senador Renan Calheiros, que tem se posicionado contra a candidatura de Tebet .<\/p>\n<p>O filiado Hugo Wanderley Caju, que foi candidato a prefeito de Cacimbinhas (AL) em 2020, afirmou que o formato da reuni\u00e3o virtual, por meio do aplicativo Zoom, viola o sigilo do voto.<\/p>\n<p>A pe\u00e7a contra a conven\u00e7\u00e3o \u00e9 assinada pelo advogado Fabiano Silveira. Ele foi ministro da Transpar\u00eancia por indica\u00e7\u00e3o do senador Renan Calheiros.<\/p>\n<p>Ao negar o pedido, o ministro do TSE argumentou que n\u00e3o h\u00e1 como afirmar que ser\u00e1 desrespeitado o sigilo do voto.<\/p>\n<p>\u201c[A decis\u00e3o] n\u00e3o impede que, caso constatada a efetiva viola\u00e7\u00e3o do sigilo do voto durante a Conven\u00e7\u00e3o Partid\u00e1ria Ordin\u00e1ria do MDB, a ser realizada em 27.07.2022, a quest\u00e3o possa ser novamente visitada, contudo, diante de novo contexto f\u00e1tico e probat\u00f3rio\u201d, afirmou Cambpell Marques.<\/p>\n","protected":false},"excerpt":{"rendered":"<p>O Tribunal Superior Eleitoral (TSE) negou nesta ter\u00e7a-feira (26) um pedido para cancelar a conven\u00e7\u00e3o do MDB nacional marcada para esta quarta-feira (27). O despacho foi assinado pelo ministro Mauro Campbell Marques. O objetivo do evento \u00e9 confirmar a candidatura presidencial da senadora Simone Tebet (MS). A a\u00e7\u00e3o havia sido apresentada por um filiado ao [&hellip;]<\/p>\n","protected":false},"author":2,"featured_media":103692,"comment_status":"open","ping_status":"open","sticky":false,"template":"","format":"standard","meta":{"footnotes":"","_links_to":"","_links_to_target":""},"categories":[1],"tags":[],"class_list":["post-103690","post","type-post","status-publish","format-standard","has-post-thumbnail","hentry","category-geral"],"views":768,"_links":{"self":[{"href":"https:\/\/www.sudoestehoje.com.br\/novoportal\/wp-json\/wp\/v2\/posts\/103690","targetHints":{"allow":["GET"]}}],"collection":[{"href":"https:\/\/www.sudoestehoje.com.br\/novoportal\/wp-json\/wp\/v2\/posts"}],"about":[{"href":"https:\/\/www.sudoestehoje.com.br\/novoportal\/wp-json\/wp\/v2\/types\/post"}],"author":[{"embeddable":true,"href":"https:\/\/www.sudoestehoje.com.br\/novoportal\/wp-json\/wp\/v2\/users\/2"}],"replies":[{"embeddable":true,"href":"https:\/\/www.sudoestehoje.com.br\/novoportal\/wp-json\/wp\/v2\/comments?post=103690"}],"version-history":[{"count":3,"href":"https:\/\/www.sudoestehoje.com.br\/novoportal\/wp-json\/wp\/v2\/posts\/103690\/revisions"}],"predecessor-version":[{"id":103694,"href":"https:\/\/www.sudoestehoje.com.br\/novoportal\/wp-json\/wp\/v2\/posts\/103690\/revisions\/103694"}],"wp:featuredmedia":[{"embeddable":true,"href":"https:\/\/www.sudoestehoje.com.br\/novoportal\/wp-json\/wp\/v2\/media\/103692"}],"wp:attachment":[{"href":"https:\/\/www.sudoestehoje.com.br\/novoportal\/wp-json\/wp\/v2\/media?parent=103690"}],"wp:term":[{"taxonomy":"category","embeddable":true,"href":"https:\/\/www.sudoestehoje.com.br\/novoportal\/wp-json\/wp\/v2\/categories?post=103690"},{"taxonomy":"post_tag","embeddable":true,"href":"https:\/\/www.sudoestehoje.com.br\/novoportal\/wp-json\/wp\/v2\/tags?post=103690"}],"curies":[{"name":"wp","href":"https:\/\/api.w.org\/{rel}","templated":true}]}}