
{"id":103685,"date":"2022-07-26T17:23:22","date_gmt":"2022-07-26T20:23:22","guid":{"rendered":"https:\/\/www.sudoestehoje.com.br\/novoportal\/?p=103685"},"modified":"2022-07-26T17:23:22","modified_gmt":"2022-07-26T20:23:22","slug":"governo-antecipa-auxilio-brasil-de-r-60000","status":"publish","type":"post","link":"https:\/\/www.sudoestehoje.com.br\/novoportal\/2022\/07\/26\/governo-antecipa-auxilio-brasil-de-r-60000\/","title":{"rendered":"GOVERNO ANTECIPA AUX\u00cdLIO BRASIL DE R$ 600,00"},"content":{"rendered":"<p><a href=\"https:\/\/www.sudoestehoje.com.br\/novoportal\/wp-content\/uploads\/2022\/07\/auxilio-brasil-paga-parcela-nesta-segunda-veja-se-voce-recebe.jpg\"><img loading=\"lazy\" decoding=\"async\" class=\"aligncenter size-medium wp-image-103688\" src=\"https:\/\/www.sudoestehoje.com.br\/novoportal\/wp-content\/uploads\/2022\/07\/auxilio-brasil-paga-parcela-nesta-segunda-veja-se-voce-recebe-500x281.jpg\" alt=\"\" width=\"500\" height=\"281\" srcset=\"https:\/\/www.sudoestehoje.com.br\/novoportal\/wp-content\/uploads\/2022\/07\/auxilio-brasil-paga-parcela-nesta-segunda-veja-se-voce-recebe-500x281.jpg 500w, https:\/\/www.sudoestehoje.com.br\/novoportal\/wp-content\/uploads\/2022\/07\/auxilio-brasil-paga-parcela-nesta-segunda-veja-se-voce-recebe-700x394.jpg 700w, https:\/\/www.sudoestehoje.com.br\/novoportal\/wp-content\/uploads\/2022\/07\/auxilio-brasil-paga-parcela-nesta-segunda-veja-se-voce-recebe-768x432.jpg 768w, https:\/\/www.sudoestehoje.com.br\/novoportal\/wp-content\/uploads\/2022\/07\/auxilio-brasil-paga-parcela-nesta-segunda-veja-se-voce-recebe.jpg 1280w\" sizes=\"auto, (max-width: 500px) 100vw, 500px\" \/><\/a><\/p>\n<p>O Minist\u00e9rio da Cidadania antecipou o in\u00edcio do pagamento do Aux\u00edlio Brasil de R$ 600,00 para o m\u00eas de agosto, conforme instru\u00e7\u00e3o normativa publicada no Di\u00e1rio Oficial da Uni\u00e3o nesta segunda-feira (25).<\/p>\n<p>As datas de pagamento foram definidas com base no d\u00edgito final do N\u00famero de Inscri\u00e7\u00e3o Social (NIS) e nas datas de nascimento dos benefici\u00e1rios.<\/p>\n<p>O benef\u00edcio de R$ 600,00 ser\u00e1 pago por cinco meses, de agosto a dezembro de 2022.<\/p>\n","protected":false},"excerpt":{"rendered":"<p>O Minist\u00e9rio da Cidadania antecipou o in\u00edcio do pagamento do Aux\u00edlio Brasil de R$ 600,00 para o m\u00eas de agosto, conforme instru\u00e7\u00e3o normativa publicada no Di\u00e1rio Oficial da Uni\u00e3o nesta segunda-feira (25). As datas de pagamento foram definidas com base no d\u00edgito final do N\u00famero de Inscri\u00e7\u00e3o Social (NIS) e nas datas de nascimento dos [&hellip;]<\/p>\n","protected":false},"author":2,"featured_media":103688,"comment_status":"open","ping_status":"open","sticky":false,"template":"","format":"standard","meta":{"footnotes":"","_links_to":"","_links_to_target":""},"categories":[1],"tags":[],"class_list":["post-103685","post","type-post","status-publish","format-standard","has-post-thumbnail","hentry","category-geral"],"views":813,"_links":{"self":[{"href":"https:\/\/www.sudoestehoje.com.br\/novoportal\/wp-json\/wp\/v2\/posts\/103685","targetHints":{"allow":["GET"]}}],"collection":[{"href":"https:\/\/www.sudoestehoje.com.br\/novoportal\/wp-json\/wp\/v2\/posts"}],"about":[{"href":"https:\/\/www.sudoestehoje.com.br\/novoportal\/wp-json\/wp\/v2\/types\/post"}],"author":[{"embeddable":true,"href":"https:\/\/www.sudoestehoje.com.br\/novoportal\/wp-json\/wp\/v2\/users\/2"}],"replies":[{"embeddable":true,"href":"https:\/\/www.sudoestehoje.com.br\/novoportal\/wp-json\/wp\/v2\/comments?post=103685"}],"version-history":[{"count":3,"href":"https:\/\/www.sudoestehoje.com.br\/novoportal\/wp-json\/wp\/v2\/posts\/103685\/revisions"}],"predecessor-version":[{"id":103689,"href":"https:\/\/www.sudoestehoje.com.br\/novoportal\/wp-json\/wp\/v2\/posts\/103685\/revisions\/103689"}],"wp:featuredmedia":[{"embeddable":true,"href":"https:\/\/www.sudoestehoje.com.br\/novoportal\/wp-json\/wp\/v2\/media\/103688"}],"wp:attachment":[{"href":"https:\/\/www.sudoestehoje.com.br\/novoportal\/wp-json\/wp\/v2\/media?parent=103685"}],"wp:term":[{"taxonomy":"category","embeddable":true,"href":"https:\/\/www.sudoestehoje.com.br\/novoportal\/wp-json\/wp\/v2\/categories?post=103685"},{"taxonomy":"post_tag","embeddable":true,"href":"https:\/\/www.sudoestehoje.com.br\/novoportal\/wp-json\/wp\/v2\/tags?post=103685"}],"curies":[{"name":"wp","href":"https:\/\/api.w.org\/{rel}","templated":true}]}}