
{"id":103671,"date":"2022-07-26T01:23:36","date_gmt":"2022-07-26T04:23:36","guid":{"rendered":"https:\/\/www.sudoestehoje.com.br\/novoportal\/?p=103671"},"modified":"2022-07-26T01:23:36","modified_gmt":"2022-07-26T04:23:36","slug":"tempo-nublado-e-muito-frio-em-itapetinga","status":"publish","type":"post","link":"https:\/\/www.sudoestehoje.com.br\/novoportal\/2022\/07\/26\/tempo-nublado-e-muito-frio-em-itapetinga\/","title":{"rendered":"TEMPO NUBLADO E MUITO FRIO EM ITAPETINGA"},"content":{"rendered":"<p><a href=\"https:\/\/www.sudoestehoje.com.br\/novoportal\/wp-content\/uploads\/2022\/07\/lagoa-neblina-1.jpeg\"><img loading=\"lazy\" decoding=\"async\" class=\"aligncenter size-medium wp-image-103673\" src=\"https:\/\/www.sudoestehoje.com.br\/novoportal\/wp-content\/uploads\/2022\/07\/lagoa-neblina-1-500x300.jpeg\" alt=\"\" width=\"500\" height=\"300\" srcset=\"https:\/\/www.sudoestehoje.com.br\/novoportal\/wp-content\/uploads\/2022\/07\/lagoa-neblina-1-500x300.jpeg 500w, https:\/\/www.sudoestehoje.com.br\/novoportal\/wp-content\/uploads\/2022\/07\/lagoa-neblina-1-700x420.jpeg 700w, https:\/\/www.sudoestehoje.com.br\/novoportal\/wp-content\/uploads\/2022\/07\/lagoa-neblina-1-768x461.jpeg 768w, https:\/\/www.sudoestehoje.com.br\/novoportal\/wp-content\/uploads\/2022\/07\/lagoa-neblina-1.jpeg 783w\" sizes=\"auto, (max-width: 500px) 100vw, 500px\" \/><\/a><\/p>\n<p>Acostumada \u00e0s altas temperatura de ver\u00e3o e parte do outono, o inverno chegou \u00e0 &#8216;Capital da Pecu\u00e1ria&#8217; com muita for\u00e7a, derrubando as temperatura durante a noite e madrugada com sensa\u00e7\u00e3o t\u00e9rmica de at\u00e9 15\u00b0C.<\/p>\n<p>Nesta madrugada de segunda para ter\u00e7a-feira (26), os term\u00f4metros j\u00e1 apontam temperatura de 17 graus, podendo cair ainda mais, com muita neblina nas primeiras horas da manh\u00e3.<\/p>\n<p>De acordo com as previs\u00f5es, o m\u00eas de agosto ser\u00e1 de muito frio em toda a regi\u00e3o, principalmente no planalto de Conquista e grande parte do Sudoeste.<\/p>\n<p><strong><em>Por Davi Ferraz<\/em><\/strong><\/p>\n","protected":false},"excerpt":{"rendered":"<p>Acostumada \u00e0s altas temperatura de ver\u00e3o e parte do outono, o inverno chegou \u00e0 &#8216;Capital da Pecu\u00e1ria&#8217; com muita for\u00e7a, derrubando as temperatura durante a noite e madrugada com sensa\u00e7\u00e3o t\u00e9rmica de at\u00e9 15\u00b0C. Nesta madrugada de segunda para ter\u00e7a-feira (26), os term\u00f4metros j\u00e1 apontam temperatura de 17 graus, podendo cair ainda mais, com muita [&hellip;]<\/p>\n","protected":false},"author":2,"featured_media":103673,"comment_status":"open","ping_status":"open","sticky":false,"template":"","format":"standard","meta":{"footnotes":"","_links_to":"","_links_to_target":""},"categories":[1],"tags":[],"class_list":["post-103671","post","type-post","status-publish","format-standard","has-post-thumbnail","hentry","category-geral"],"views":1027,"_links":{"self":[{"href":"https:\/\/www.sudoestehoje.com.br\/novoportal\/wp-json\/wp\/v2\/posts\/103671","targetHints":{"allow":["GET"]}}],"collection":[{"href":"https:\/\/www.sudoestehoje.com.br\/novoportal\/wp-json\/wp\/v2\/posts"}],"about":[{"href":"https:\/\/www.sudoestehoje.com.br\/novoportal\/wp-json\/wp\/v2\/types\/post"}],"author":[{"embeddable":true,"href":"https:\/\/www.sudoestehoje.com.br\/novoportal\/wp-json\/wp\/v2\/users\/2"}],"replies":[{"embeddable":true,"href":"https:\/\/www.sudoestehoje.com.br\/novoportal\/wp-json\/wp\/v2\/comments?post=103671"}],"version-history":[{"count":2,"href":"https:\/\/www.sudoestehoje.com.br\/novoportal\/wp-json\/wp\/v2\/posts\/103671\/revisions"}],"predecessor-version":[{"id":103674,"href":"https:\/\/www.sudoestehoje.com.br\/novoportal\/wp-json\/wp\/v2\/posts\/103671\/revisions\/103674"}],"wp:featuredmedia":[{"embeddable":true,"href":"https:\/\/www.sudoestehoje.com.br\/novoportal\/wp-json\/wp\/v2\/media\/103673"}],"wp:attachment":[{"href":"https:\/\/www.sudoestehoje.com.br\/novoportal\/wp-json\/wp\/v2\/media?parent=103671"}],"wp:term":[{"taxonomy":"category","embeddable":true,"href":"https:\/\/www.sudoestehoje.com.br\/novoportal\/wp-json\/wp\/v2\/categories?post=103671"},{"taxonomy":"post_tag","embeddable":true,"href":"https:\/\/www.sudoestehoje.com.br\/novoportal\/wp-json\/wp\/v2\/tags?post=103671"}],"curies":[{"name":"wp","href":"https:\/\/api.w.org\/{rel}","templated":true}]}}