
{"id":103651,"date":"2022-07-26T00:17:32","date_gmt":"2022-07-26T03:17:32","guid":{"rendered":"https:\/\/www.sudoestehoje.com.br\/novoportal\/?p=103651"},"modified":"2022-07-26T00:29:29","modified_gmt":"2022-07-26T03:29:29","slug":"clima-ajuda-e-precos-de-verduras-e-frutas-caem-nos-supermercados-e-feiras-livres","status":"publish","type":"post","link":"https:\/\/www.sudoestehoje.com.br\/novoportal\/2022\/07\/26\/clima-ajuda-e-precos-de-verduras-e-frutas-caem-nos-supermercados-e-feiras-livres\/","title":{"rendered":"CLIMA AJUDA E PRE\u00c7OS DE VERDURAS E FRUTAS CAEM NOS SUPERMERCADOS E FEIRAS LIVRES"},"content":{"rendered":"<p><a href=\"https:\/\/www.sudoestehoje.com.br\/novoportal\/wp-content\/uploads\/2022\/07\/WhatsApp-Image-2022-07-26-at-00.13.31.jpeg\"><img loading=\"lazy\" decoding=\"async\" class=\"aligncenter size-medium wp-image-103657\" src=\"https:\/\/www.sudoestehoje.com.br\/novoportal\/wp-content\/uploads\/2022\/07\/WhatsApp-Image-2022-07-26-at-00.13.31-500x282.jpeg\" alt=\"\" width=\"500\" height=\"282\" srcset=\"https:\/\/www.sudoestehoje.com.br\/novoportal\/wp-content\/uploads\/2022\/07\/WhatsApp-Image-2022-07-26-at-00.13.31-500x282.jpeg 500w, https:\/\/www.sudoestehoje.com.br\/novoportal\/wp-content\/uploads\/2022\/07\/WhatsApp-Image-2022-07-26-at-00.13.31-700x394.jpeg 700w, https:\/\/www.sudoestehoje.com.br\/novoportal\/wp-content\/uploads\/2022\/07\/WhatsApp-Image-2022-07-26-at-00.13.31-768x432.jpeg 768w, https:\/\/www.sudoestehoje.com.br\/novoportal\/wp-content\/uploads\/2022\/07\/WhatsApp-Image-2022-07-26-at-00.13.31-1536x865.jpeg 1536w, https:\/\/www.sudoestehoje.com.br\/novoportal\/wp-content\/uploads\/2022\/07\/WhatsApp-Image-2022-07-26-at-00.13.31.jpeg 1600w\" sizes=\"auto, (max-width: 500px) 100vw, 500px\" \/><\/a><\/p>\n<p>Os hortifrutis mais comercializados nas feiras livres e supermercados de Itapetinga registraram queda generalizada neste m\u00eas. A not\u00edcia para o consumidor \u00e9 reflexo da boa oferta desses itens nos mercados, gerada pela maior quantidade de produtos e pela const\u00e2ncia no abastecimento, n\u00e3o havendo registro de escassez de nenhuma fruta ou hortali\u00e7a. O clima favoreceu.<a href=\"https:\/\/www.sudoestehoje.com.br\/novoportal\/wp-content\/uploads\/2022\/07\/WhatsApp-Image-2022-07-26-at-00.18.29.jpeg\"><img loading=\"lazy\" decoding=\"async\" class=\"aligncenter size-medium wp-image-103660\" src=\"https:\/\/www.sudoestehoje.com.br\/novoportal\/wp-content\/uploads\/2022\/07\/WhatsApp-Image-2022-07-26-at-00.18.29-500x282.jpeg\" alt=\"\" width=\"500\" height=\"282\" srcset=\"https:\/\/www.sudoestehoje.com.br\/novoportal\/wp-content\/uploads\/2022\/07\/WhatsApp-Image-2022-07-26-at-00.18.29-500x282.jpeg 500w, https:\/\/www.sudoestehoje.com.br\/novoportal\/wp-content\/uploads\/2022\/07\/WhatsApp-Image-2022-07-26-at-00.18.29-700x394.jpeg 700w, https:\/\/www.sudoestehoje.com.br\/novoportal\/wp-content\/uploads\/2022\/07\/WhatsApp-Image-2022-07-26-at-00.18.29-768x432.jpeg 768w, https:\/\/www.sudoestehoje.com.br\/novoportal\/wp-content\/uploads\/2022\/07\/WhatsApp-Image-2022-07-26-at-00.18.29-1536x865.jpeg 1536w, https:\/\/www.sudoestehoje.com.br\/novoportal\/wp-content\/uploads\/2022\/07\/WhatsApp-Image-2022-07-26-at-00.18.29.jpeg 1600w\" sizes=\"auto, (max-width: 500px) 100vw, 500px\" \/><\/a><\/p>\n<p>Dentre as hortali\u00e7as, as maiores quedas foram registradas pela cebola, chegando a ficar 54,6% mais barata. O tomate tamb\u00e9m teve queda de mais de 50% no maior atacadista da cidade. J\u00e1 nas frutas o principal recuo foi da laranja, que chegou a ser comercializa a R$ 1,49, ficando 47% mais em conta no \u00faltimo fim de semana.<\/p>\n<p><a href=\"https:\/\/www.sudoestehoje.com.br\/novoportal\/wp-content\/uploads\/2022\/07\/WhatsApp-Image-2022-07-26-at-00.18.27.jpeg\"><img loading=\"lazy\" decoding=\"async\" class=\"aligncenter size-medium wp-image-103665\" src=\"https:\/\/www.sudoestehoje.com.br\/novoportal\/wp-content\/uploads\/2022\/07\/WhatsApp-Image-2022-07-26-at-00.18.27-500x282.jpeg\" alt=\"\" width=\"500\" height=\"282\" srcset=\"https:\/\/www.sudoestehoje.com.br\/novoportal\/wp-content\/uploads\/2022\/07\/WhatsApp-Image-2022-07-26-at-00.18.27-500x282.jpeg 500w, https:\/\/www.sudoestehoje.com.br\/novoportal\/wp-content\/uploads\/2022\/07\/WhatsApp-Image-2022-07-26-at-00.18.27-700x394.jpeg 700w, https:\/\/www.sudoestehoje.com.br\/novoportal\/wp-content\/uploads\/2022\/07\/WhatsApp-Image-2022-07-26-at-00.18.27-768x432.jpeg 768w, https:\/\/www.sudoestehoje.com.br\/novoportal\/wp-content\/uploads\/2022\/07\/WhatsApp-Image-2022-07-26-at-00.18.27-1536x865.jpeg 1536w, https:\/\/www.sudoestehoje.com.br\/novoportal\/wp-content\/uploads\/2022\/07\/WhatsApp-Image-2022-07-26-at-00.18.27.jpeg 1600w\" sizes=\"auto, (max-width: 500px) 100vw, 500px\" \/><\/a><\/p>\n<p>Embora as quedas nos pre\u00e7os sejam positivas ao consumidor, por n\u00e3o causarem grandes impactos na infla\u00e7\u00e3o, essas cota\u00e7\u00f5es afetam de maneira negativa os produtores. Com os baixos valores comercializados, o agricultor nem sempre consegue arcar com o custo de produ\u00e7\u00e3o, o que pode refletir numa menor \u00e1rea das culturas para os pr\u00f3ximos meses, a fim de diminuir os preju\u00edzos registrados.<\/p>\n<p><a href=\"https:\/\/www.sudoestehoje.com.br\/novoportal\/wp-content\/uploads\/2022\/07\/WhatsApp-Image-2022-07-26-at-00.18.28-3.jpeg\"><img loading=\"lazy\" decoding=\"async\" class=\"aligncenter size-medium wp-image-103661\" src=\"https:\/\/www.sudoestehoje.com.br\/novoportal\/wp-content\/uploads\/2022\/07\/WhatsApp-Image-2022-07-26-at-00.18.28-3-500x282.jpeg\" alt=\"\" width=\"500\" height=\"282\" srcset=\"https:\/\/www.sudoestehoje.com.br\/novoportal\/wp-content\/uploads\/2022\/07\/WhatsApp-Image-2022-07-26-at-00.18.28-3-500x282.jpeg 500w, https:\/\/www.sudoestehoje.com.br\/novoportal\/wp-content\/uploads\/2022\/07\/WhatsApp-Image-2022-07-26-at-00.18.28-3-700x394.jpeg 700w, https:\/\/www.sudoestehoje.com.br\/novoportal\/wp-content\/uploads\/2022\/07\/WhatsApp-Image-2022-07-26-at-00.18.28-3-768x432.jpeg 768w, https:\/\/www.sudoestehoje.com.br\/novoportal\/wp-content\/uploads\/2022\/07\/WhatsApp-Image-2022-07-26-at-00.18.28-3-1536x865.jpeg 1536w, https:\/\/www.sudoestehoje.com.br\/novoportal\/wp-content\/uploads\/2022\/07\/WhatsApp-Image-2022-07-26-at-00.18.28-3.jpeg 1600w\" sizes=\"auto, (max-width: 500px) 100vw, 500px\" \/><\/a><\/p>\n<p>O levantamento foi realizado pelo <strong><em>Sudoeste Hoje<\/em><\/strong>, nos principais supermercados e na Central de Abastecimento de Itapetinga, no \u00faltimo final de semana.<\/p>\n\n\t\t<style type=\"text\/css\">\n\t\t\t#gallery-1 {\n\t\t\t\tmargin: auto;\n\t\t\t}\n\t\t\t#gallery-1 .gallery-item {\n\t\t\t\tfloat: left;\n\t\t\t\tmargin-top: 10px;\n\t\t\t\ttext-align: center;\n\t\t\t\twidth: 50%;\n\t\t\t}\n\t\t\t#gallery-1 img {\n\t\t\t\tborder: 2px solid #cfcfcf;\n\t\t\t}\n\t\t\t#gallery-1 .gallery-caption {\n\t\t\t\tmargin-left: 0;\n\t\t\t}\n\t\t\t\/* see gallery_shortcode() in wp-includes\/media.php *\/\n\t\t<\/style>\n\t\t<div id='gallery-1' class='gallery galleryid-103651 gallery-columns-2 gallery-size-medium'><dl class='gallery-item'>\n\t\t\t<dt class='gallery-icon landscape'>\n\t\t\t\t<a href='https:\/\/www.sudoestehoje.com.br\/novoportal\/2022\/07\/26\/clima-ajuda-e-precos-de-verduras-e-frutas-caem-nos-supermercados-e-feiras-livres\/whatsapp-image-2022-07-26-at-00-18-28\/'><img loading=\"lazy\" decoding=\"async\" width=\"500\" height=\"282\" src=\"https:\/\/www.sudoestehoje.com.br\/novoportal\/wp-content\/uploads\/2022\/07\/WhatsApp-Image-2022-07-26-at-00.18.28-500x282.jpeg\" class=\"attachment-medium size-medium\" alt=\"\" srcset=\"https:\/\/www.sudoestehoje.com.br\/novoportal\/wp-content\/uploads\/2022\/07\/WhatsApp-Image-2022-07-26-at-00.18.28-500x282.jpeg 500w, https:\/\/www.sudoestehoje.com.br\/novoportal\/wp-content\/uploads\/2022\/07\/WhatsApp-Image-2022-07-26-at-00.18.28-700x394.jpeg 700w, https:\/\/www.sudoestehoje.com.br\/novoportal\/wp-content\/uploads\/2022\/07\/WhatsApp-Image-2022-07-26-at-00.18.28-768x432.jpeg 768w, https:\/\/www.sudoestehoje.com.br\/novoportal\/wp-content\/uploads\/2022\/07\/WhatsApp-Image-2022-07-26-at-00.18.28-1536x865.jpeg 1536w, https:\/\/www.sudoestehoje.com.br\/novoportal\/wp-content\/uploads\/2022\/07\/WhatsApp-Image-2022-07-26-at-00.18.28.jpeg 1600w\" sizes=\"auto, (max-width: 500px) 100vw, 500px\" \/><\/a>\n\t\t\t<\/dt><\/dl><dl class='gallery-item'>\n\t\t\t<dt class='gallery-icon landscape'>\n\t\t\t\t<a href='https:\/\/www.sudoestehoje.com.br\/novoportal\/2022\/07\/26\/clima-ajuda-e-precos-de-verduras-e-frutas-caem-nos-supermercados-e-feiras-livres\/whatsapp-image-2022-07-26-at-00-18-28-2\/'><img loading=\"lazy\" decoding=\"async\" width=\"500\" height=\"282\" src=\"https:\/\/www.sudoestehoje.com.br\/novoportal\/wp-content\/uploads\/2022\/07\/WhatsApp-Image-2022-07-26-at-00.18.28-2-500x282.jpeg\" class=\"attachment-medium size-medium\" alt=\"\" srcset=\"https:\/\/www.sudoestehoje.com.br\/novoportal\/wp-content\/uploads\/2022\/07\/WhatsApp-Image-2022-07-26-at-00.18.28-2-500x282.jpeg 500w, https:\/\/www.sudoestehoje.com.br\/novoportal\/wp-content\/uploads\/2022\/07\/WhatsApp-Image-2022-07-26-at-00.18.28-2-700x394.jpeg 700w, https:\/\/www.sudoestehoje.com.br\/novoportal\/wp-content\/uploads\/2022\/07\/WhatsApp-Image-2022-07-26-at-00.18.28-2-768x432.jpeg 768w, https:\/\/www.sudoestehoje.com.br\/novoportal\/wp-content\/uploads\/2022\/07\/WhatsApp-Image-2022-07-26-at-00.18.28-2-1536x865.jpeg 1536w, https:\/\/www.sudoestehoje.com.br\/novoportal\/wp-content\/uploads\/2022\/07\/WhatsApp-Image-2022-07-26-at-00.18.28-2.jpeg 1600w\" sizes=\"auto, (max-width: 500px) 100vw, 500px\" \/><\/a>\n\t\t\t<\/dt><\/dl><br style=\"clear: both\" \/>\n\t\t<\/div>\n\n<p><strong><em>Por Davi Ferraz<\/em><\/strong><\/p>\n","protected":false},"excerpt":{"rendered":"<p>Os hortifrutis mais comercializados nas feiras livres e supermercados de Itapetinga registraram queda generalizada neste m\u00eas. A not\u00edcia para o consumidor \u00e9 reflexo da boa oferta desses itens nos mercados, gerada pela maior quantidade de produtos e pela const\u00e2ncia no abastecimento, n\u00e3o havendo registro de escassez de nenhuma fruta ou hortali\u00e7a. O clima favoreceu. Dentre [&hellip;]<\/p>\n","protected":false},"author":2,"featured_media":103657,"comment_status":"open","ping_status":"open","sticky":false,"template":"","format":"standard","meta":{"footnotes":"","_links_to":"","_links_to_target":""},"categories":[1],"tags":[],"class_list":["post-103651","post","type-post","status-publish","format-standard","has-post-thumbnail","hentry","category-geral"],"views":1126,"_links":{"self":[{"href":"https:\/\/www.sudoestehoje.com.br\/novoportal\/wp-json\/wp\/v2\/posts\/103651","targetHints":{"allow":["GET"]}}],"collection":[{"href":"https:\/\/www.sudoestehoje.com.br\/novoportal\/wp-json\/wp\/v2\/posts"}],"about":[{"href":"https:\/\/www.sudoestehoje.com.br\/novoportal\/wp-json\/wp\/v2\/types\/post"}],"author":[{"embeddable":true,"href":"https:\/\/www.sudoestehoje.com.br\/novoportal\/wp-json\/wp\/v2\/users\/2"}],"replies":[{"embeddable":true,"href":"https:\/\/www.sudoestehoje.com.br\/novoportal\/wp-json\/wp\/v2\/comments?post=103651"}],"version-history":[{"count":9,"href":"https:\/\/www.sudoestehoje.com.br\/novoportal\/wp-json\/wp\/v2\/posts\/103651\/revisions"}],"predecessor-version":[{"id":103668,"href":"https:\/\/www.sudoestehoje.com.br\/novoportal\/wp-json\/wp\/v2\/posts\/103651\/revisions\/103668"}],"wp:featuredmedia":[{"embeddable":true,"href":"https:\/\/www.sudoestehoje.com.br\/novoportal\/wp-json\/wp\/v2\/media\/103657"}],"wp:attachment":[{"href":"https:\/\/www.sudoestehoje.com.br\/novoportal\/wp-json\/wp\/v2\/media?parent=103651"}],"wp:term":[{"taxonomy":"category","embeddable":true,"href":"https:\/\/www.sudoestehoje.com.br\/novoportal\/wp-json\/wp\/v2\/categories?post=103651"},{"taxonomy":"post_tag","embeddable":true,"href":"https:\/\/www.sudoestehoje.com.br\/novoportal\/wp-json\/wp\/v2\/tags?post=103651"}],"curies":[{"name":"wp","href":"https:\/\/api.w.org\/{rel}","templated":true}]}}