
{"id":103648,"date":"2022-07-24T21:24:12","date_gmt":"2022-07-25T00:24:12","guid":{"rendered":"https:\/\/www.sudoestehoje.com.br\/novoportal\/?p=103648"},"modified":"2022-07-24T21:24:12","modified_gmt":"2022-07-25T00:24:12","slug":"deputado-pedro-tavares-manifesta-pesar-pela-morte-do-ex-prefeito-fernando-gomes","status":"publish","type":"post","link":"https:\/\/www.sudoestehoje.com.br\/novoportal\/2022\/07\/24\/deputado-pedro-tavares-manifesta-pesar-pela-morte-do-ex-prefeito-fernando-gomes\/","title":{"rendered":"DEPUTADO PEDRO TAVARES MANIFESTA PESAR PELA MORTE DO EX-PREFEITO FERNANDO GOMES"},"content":{"rendered":"<p><a href=\"https:\/\/www.sudoestehoje.com.br\/novoportal\/wp-content\/uploads\/2022\/07\/Artigo-Destaque_01201459_00.jpg\"><img loading=\"lazy\" decoding=\"async\" class=\"aligncenter size-medium wp-image-103649\" src=\"https:\/\/www.sudoestehoje.com.br\/novoportal\/wp-content\/uploads\/2022\/07\/Artigo-Destaque_01201459_00-500x348.jpg\" alt=\"\" width=\"500\" height=\"348\" srcset=\"https:\/\/www.sudoestehoje.com.br\/novoportal\/wp-content\/uploads\/2022\/07\/Artigo-Destaque_01201459_00-500x348.jpg 500w, https:\/\/www.sudoestehoje.com.br\/novoportal\/wp-content\/uploads\/2022\/07\/Artigo-Destaque_01201459_00-700x488.jpg 700w, https:\/\/www.sudoestehoje.com.br\/novoportal\/wp-content\/uploads\/2022\/07\/Artigo-Destaque_01201459_00-768x535.jpg 768w, https:\/\/www.sudoestehoje.com.br\/novoportal\/wp-content\/uploads\/2022\/07\/Artigo-Destaque_01201459_00.jpg 861w\" sizes=\"auto, (max-width: 500px) 100vw, 500px\" \/><\/a><\/p>\n<p>O deputado estadual Pedro Tavares (Uni\u00e3o Brasil), manifestou pesar pela morte do ex-prefeito de Itabuna, ex-deputado federal, Fernando Gomes, hoje (24\/07), na capital baiana, aos 83 anos. O parlamentar destacou a longa trajet\u00f3ria na vida p\u00fablica e representatividade do ex-prefeito para a regi\u00e3o.<\/p>\n<p>&#8220;Lamento a morte do ex-prefeito Fernando, uma das mais expressivas lideran\u00e7as pol\u00edticas do sul baiano, que prestou muitos servi\u00e7os \u00e0 popula\u00e7\u00e3o de Itabuna. Nossas ora\u00e7\u00f5es para que o seu esp\u00edrito descanse em paz e para que Deus conforte a sua fam\u00edlia, seus amigos e admiradores&#8221;, afirmou. \/\/<em>Ascom<\/em><\/p>\n","protected":false},"excerpt":{"rendered":"<p>O deputado estadual Pedro Tavares (Uni\u00e3o Brasil), manifestou pesar pela morte do ex-prefeito de Itabuna, ex-deputado federal, Fernando Gomes, hoje (24\/07), na capital baiana, aos 83 anos. O parlamentar destacou a longa trajet\u00f3ria na vida p\u00fablica e representatividade do ex-prefeito para a regi\u00e3o. &#8220;Lamento a morte do ex-prefeito Fernando, uma das mais expressivas lideran\u00e7as pol\u00edticas [&hellip;]<\/p>\n","protected":false},"author":2,"featured_media":103649,"comment_status":"open","ping_status":"open","sticky":false,"template":"","format":"standard","meta":{"footnotes":"","_links_to":"","_links_to_target":""},"categories":[1],"tags":[],"class_list":["post-103648","post","type-post","status-publish","format-standard","has-post-thumbnail","hentry","category-geral"],"views":876,"_links":{"self":[{"href":"https:\/\/www.sudoestehoje.com.br\/novoportal\/wp-json\/wp\/v2\/posts\/103648","targetHints":{"allow":["GET"]}}],"collection":[{"href":"https:\/\/www.sudoestehoje.com.br\/novoportal\/wp-json\/wp\/v2\/posts"}],"about":[{"href":"https:\/\/www.sudoestehoje.com.br\/novoportal\/wp-json\/wp\/v2\/types\/post"}],"author":[{"embeddable":true,"href":"https:\/\/www.sudoestehoje.com.br\/novoportal\/wp-json\/wp\/v2\/users\/2"}],"replies":[{"embeddable":true,"href":"https:\/\/www.sudoestehoje.com.br\/novoportal\/wp-json\/wp\/v2\/comments?post=103648"}],"version-history":[{"count":1,"href":"https:\/\/www.sudoestehoje.com.br\/novoportal\/wp-json\/wp\/v2\/posts\/103648\/revisions"}],"predecessor-version":[{"id":103650,"href":"https:\/\/www.sudoestehoje.com.br\/novoportal\/wp-json\/wp\/v2\/posts\/103648\/revisions\/103650"}],"wp:featuredmedia":[{"embeddable":true,"href":"https:\/\/www.sudoestehoje.com.br\/novoportal\/wp-json\/wp\/v2\/media\/103649"}],"wp:attachment":[{"href":"https:\/\/www.sudoestehoje.com.br\/novoportal\/wp-json\/wp\/v2\/media?parent=103648"}],"wp:term":[{"taxonomy":"category","embeddable":true,"href":"https:\/\/www.sudoestehoje.com.br\/novoportal\/wp-json\/wp\/v2\/categories?post=103648"},{"taxonomy":"post_tag","embeddable":true,"href":"https:\/\/www.sudoestehoje.com.br\/novoportal\/wp-json\/wp\/v2\/tags?post=103648"}],"curies":[{"name":"wp","href":"https:\/\/api.w.org\/{rel}","templated":true}]}}