
{"id":103641,"date":"2022-07-24T18:40:25","date_gmt":"2022-07-24T21:40:25","guid":{"rendered":"https:\/\/www.sudoestehoje.com.br\/novoportal\/?p=103641"},"modified":"2022-07-24T19:12:01","modified_gmt":"2022-07-24T22:12:01","slug":"itabuna-ex-prefeito-fernando-gomes-morre-em-salvador-aos-83-anos","status":"publish","type":"post","link":"https:\/\/www.sudoestehoje.com.br\/novoportal\/2022\/07\/24\/itabuna-ex-prefeito-fernando-gomes-morre-em-salvador-aos-83-anos\/","title":{"rendered":"ITABUNA: EX-PREFEITO FERNANDO GOMES MORRE EM SALVADOR AOS 83 ANOS"},"content":{"rendered":"<p><a href=\"https:\/\/www.sudoestehoje.com.br\/novoportal\/wp-content\/uploads\/2022\/07\/csm_fernando_gomes_pref_itabuna_cred_reproducao_6dbbab9e88.jpg\"><img loading=\"lazy\" decoding=\"async\" class=\"aligncenter size-medium wp-image-103642\" src=\"https:\/\/www.sudoestehoje.com.br\/novoportal\/wp-content\/uploads\/2022\/07\/csm_fernando_gomes_pref_itabuna_cred_reproducao_6dbbab9e88-500x312.jpg\" alt=\"\" width=\"500\" height=\"312\" srcset=\"https:\/\/www.sudoestehoje.com.br\/novoportal\/wp-content\/uploads\/2022\/07\/csm_fernando_gomes_pref_itabuna_cred_reproducao_6dbbab9e88-500x312.jpg 500w, https:\/\/www.sudoestehoje.com.br\/novoportal\/wp-content\/uploads\/2022\/07\/csm_fernando_gomes_pref_itabuna_cred_reproducao_6dbbab9e88-700x436.jpg 700w, https:\/\/www.sudoestehoje.com.br\/novoportal\/wp-content\/uploads\/2022\/07\/csm_fernando_gomes_pref_itabuna_cred_reproducao_6dbbab9e88-768x479.jpg 768w, https:\/\/www.sudoestehoje.com.br\/novoportal\/wp-content\/uploads\/2022\/07\/csm_fernando_gomes_pref_itabuna_cred_reproducao_6dbbab9e88.jpg 796w\" sizes=\"auto, (max-width: 500px) 100vw, 500px\" \/><\/a><\/p>\n<div class=\"mc-column content-text active-extra-styles \" data-block-type=\"unstyled\" data-block-weight=\"32\" data-block-id=\"2\">\n<p class=\"content-text__container \" data-track-category=\"Link no Texto\" data-track-links=\"\">O ex-prefeito de\u00a0Itabuna, cidade do sul da Bahia, Fernando Gomes, morreu na tarde deste domingo (24), aos 83 anos, em Salvador. A informa\u00e7\u00e3o foi confirmada por um dos filhos do pol\u00edtico.<\/p>\n<\/div>\n<div class=\"wall protected-content\">\n<div class=\"mc-column content-text active-extra-styles \" data-block-type=\"unstyled\" data-block-weight=\"29\" data-block-id=\"3\">\n<p class=\"content-text__container \" data-track-category=\"Link no Texto\" data-track-links=\"\">Fernando Gomes\u00a0estava internado no Hospital Alian\u00e7a, na capital baiana, desde 14 de julho, ap\u00f3s ter uma crise hep\u00e1tica causada por medicamentos usados para amenizar dores na lombar.<\/p>\n<\/div>\n<div class=\"mc-column content-text active-extra-styles \" data-block-type=\"unstyled\" data-block-weight=\"53\" data-block-id=\"4\">\n<p class=\"content-text__container \" data-track-category=\"Link no Texto\" data-track-links=\"\">Segundo familiares de Fernando Gomes, o ex-prefeito passou por uma desintoxica\u00e7\u00e3o ap\u00f3s ser intenado. Neste domingo, em nota enviada por volta das 14h, a fam\u00edlia havia informado que houve a necessidade de interven\u00e7\u00e3o cir\u00fargica para conter o avan\u00e7o de uma bact\u00e9ria. No entanto, por volta das 16h, o pol\u00edtico foi a \u00f3bito.<\/p>\n<p data-track-category=\"Link no Texto\" data-track-links=\"\">Fernando deixa vi\u00fava e seis filhos. Ainda n\u00e3o h\u00e1 informa\u00e7\u00f5es sobre o vel\u00f3rio.<\/p>\n<\/div>\n<div class=\"content-ads content-ads--reveal\" data-block-type=\"ads\" data-block-id=\"5\">\n<div id=\"banner_materia2\" class=\"tag-manager-publicidade-container mc-has-reveal mc-has-ad-lazyload tag-manager-publicidade-banner_materia2 tag-manager-publicidade-container--carregado tag-manager-publicidade-container--visivel\" data-id=\"banner_materia2\" data-req=\"true\" data-google-query-id=\"CNiah_7EkvkCFVyslQIdCH0JWQ\" data-cid=\"138397186748\" data-lid=\"6055821288\"><\/div>\n<\/div>\n<\/div>\n","protected":false},"excerpt":{"rendered":"<p>O ex-prefeito de\u00a0Itabuna, cidade do sul da Bahia, Fernando Gomes, morreu na tarde deste domingo (24), aos 83 anos, em Salvador. A informa\u00e7\u00e3o foi confirmada por um dos filhos do pol\u00edtico. Fernando Gomes\u00a0estava internado no Hospital Alian\u00e7a, na capital baiana, desde 14 de julho, ap\u00f3s ter uma crise hep\u00e1tica causada por medicamentos usados para amenizar [&hellip;]<\/p>\n","protected":false},"author":2,"featured_media":103642,"comment_status":"open","ping_status":"open","sticky":false,"template":"","format":"standard","meta":{"footnotes":"","_links_to":"","_links_to_target":""},"categories":[1],"tags":[],"class_list":["post-103641","post","type-post","status-publish","format-standard","has-post-thumbnail","hentry","category-geral"],"views":949,"_links":{"self":[{"href":"https:\/\/www.sudoestehoje.com.br\/novoportal\/wp-json\/wp\/v2\/posts\/103641","targetHints":{"allow":["GET"]}}],"collection":[{"href":"https:\/\/www.sudoestehoje.com.br\/novoportal\/wp-json\/wp\/v2\/posts"}],"about":[{"href":"https:\/\/www.sudoestehoje.com.br\/novoportal\/wp-json\/wp\/v2\/types\/post"}],"author":[{"embeddable":true,"href":"https:\/\/www.sudoestehoje.com.br\/novoportal\/wp-json\/wp\/v2\/users\/2"}],"replies":[{"embeddable":true,"href":"https:\/\/www.sudoestehoje.com.br\/novoportal\/wp-json\/wp\/v2\/comments?post=103641"}],"version-history":[{"count":5,"href":"https:\/\/www.sudoestehoje.com.br\/novoportal\/wp-json\/wp\/v2\/posts\/103641\/revisions"}],"predecessor-version":[{"id":103647,"href":"https:\/\/www.sudoestehoje.com.br\/novoportal\/wp-json\/wp\/v2\/posts\/103641\/revisions\/103647"}],"wp:featuredmedia":[{"embeddable":true,"href":"https:\/\/www.sudoestehoje.com.br\/novoportal\/wp-json\/wp\/v2\/media\/103642"}],"wp:attachment":[{"href":"https:\/\/www.sudoestehoje.com.br\/novoportal\/wp-json\/wp\/v2\/media?parent=103641"}],"wp:term":[{"taxonomy":"category","embeddable":true,"href":"https:\/\/www.sudoestehoje.com.br\/novoportal\/wp-json\/wp\/v2\/categories?post=103641"},{"taxonomy":"post_tag","embeddable":true,"href":"https:\/\/www.sudoestehoje.com.br\/novoportal\/wp-json\/wp\/v2\/tags?post=103641"}],"curies":[{"name":"wp","href":"https:\/\/api.w.org\/{rel}","templated":true}]}}