
{"id":103636,"date":"2022-07-23T22:55:15","date_gmt":"2022-07-24T01:55:15","guid":{"rendered":"https:\/\/www.sudoestehoje.com.br\/novoportal\/?p=103636"},"modified":"2022-07-23T22:55:15","modified_gmt":"2022-07-24T01:55:15","slug":"eleicoes-projecoes-apontam-pedro-tavares-entre-os-deputados-mais-votados-na-bahia","status":"publish","type":"post","link":"https:\/\/www.sudoestehoje.com.br\/novoportal\/2022\/07\/23\/eleicoes-projecoes-apontam-pedro-tavares-entre-os-deputados-mais-votados-na-bahia\/","title":{"rendered":"ELEI\u00c7\u00d5ES | PROJE\u00c7\u00d5ES APONTAM PEDRO TAVARES ENTRE OS DEPUTADOS MAIS VOTADOS NA BAHIA"},"content":{"rendered":"<p><a href=\"https:\/\/www.sudoestehoje.com.br\/novoportal\/wp-content\/uploads\/2022\/07\/WhatsApp-Image-2022-07-22-at-09.17.09-2.jpeg\"><img loading=\"lazy\" decoding=\"async\" class=\"aligncenter size-medium wp-image-103589\" src=\"https:\/\/www.sudoestehoje.com.br\/novoportal\/wp-content\/uploads\/2022\/07\/WhatsApp-Image-2022-07-22-at-09.17.09-2-500x282.jpeg\" alt=\"\" width=\"500\" height=\"282\" srcset=\"https:\/\/www.sudoestehoje.com.br\/novoportal\/wp-content\/uploads\/2022\/07\/WhatsApp-Image-2022-07-22-at-09.17.09-2-500x282.jpeg 500w, https:\/\/www.sudoestehoje.com.br\/novoportal\/wp-content\/uploads\/2022\/07\/WhatsApp-Image-2022-07-22-at-09.17.09-2-700x394.jpeg 700w, https:\/\/www.sudoestehoje.com.br\/novoportal\/wp-content\/uploads\/2022\/07\/WhatsApp-Image-2022-07-22-at-09.17.09-2-768x432.jpeg 768w, https:\/\/www.sudoestehoje.com.br\/novoportal\/wp-content\/uploads\/2022\/07\/WhatsApp-Image-2022-07-22-at-09.17.09-2-1536x865.jpeg 1536w, https:\/\/www.sudoestehoje.com.br\/novoportal\/wp-content\/uploads\/2022\/07\/WhatsApp-Image-2022-07-22-at-09.17.09-2.jpeg 1600w\" sizes=\"auto, (max-width: 500px) 100vw, 500px\" \/><\/a><\/p>\n<p>Atuante e determinado, o deputado estadual Pedro Tavares (UB) vem crescendo durante a pr\u00e9-campanha de ACM Neto ao governo da Bahia e j\u00e1 \u00e9 apontado, em todas as proje\u00e7\u00f5es de especialistas pol\u00edticos e imprensa, como um dos atuais deputados a serem reeleitos com maior vota\u00e7\u00e3o no estado.<\/p>\n<p>A grande aceita\u00e7\u00e3o de Pedro Tavares junto ao eleitorado ficou registrada durante os \u00faltimos eventos de Neto e Cac\u00e1 Le\u00e3o no M\u00e9dio Sudoeste, neste final de semana, quando o jovem deputado foi um dos mais aplaudidos pelas plateias em Itoror\u00f3, Igua\u00ed, Ibicu\u00ed e Itarantim, quando seu nome era citado nesses eventos.<\/p>\n<p>Em Itapetinga, Pedro Tavares conta com o apoio irrestrito do prefeito Rodrigo Hagge (MDB) e todo o seu grupo, al\u00e9m da for\u00e7a do vice-prefeito Renan Pereira, Dr. Jos\u00e9 Ot\u00e1vio e toda a c\u00fapula e apoiadores do seu partido, o Uni\u00e3o Brasil.<\/p>\n<p>Mesmo sendo de oposi\u00e7\u00e3o ao governo do estado, Pedro Tavares tem um excelente tr\u00e2nsito junto aos \u00f3rg\u00e3os governamentais, solucionando quest\u00f5es ligadas \u00e0 sa\u00fade, \u00e0 educa\u00e7\u00e3o e outras \u00e1reas importantes para os munic\u00edpios que representa e seus cidad\u00e3os.<\/p>\n<p><strong><em>Por Davi Ferraz<\/em><\/strong><\/p>\n","protected":false},"excerpt":{"rendered":"<p>Atuante e determinado, o deputado estadual Pedro Tavares (UB) vem crescendo durante a pr\u00e9-campanha de ACM Neto ao governo da Bahia e j\u00e1 \u00e9 apontado, em todas as proje\u00e7\u00f5es de especialistas pol\u00edticos e imprensa, como um dos atuais deputados a serem reeleitos com maior vota\u00e7\u00e3o no estado. A grande aceita\u00e7\u00e3o de Pedro Tavares junto ao [&hellip;]<\/p>\n","protected":false},"author":2,"featured_media":103589,"comment_status":"open","ping_status":"open","sticky":false,"template":"","format":"standard","meta":{"footnotes":"","_links_to":"","_links_to_target":""},"categories":[1],"tags":[],"class_list":["post-103636","post","type-post","status-publish","format-standard","has-post-thumbnail","hentry","category-geral"],"views":847,"_links":{"self":[{"href":"https:\/\/www.sudoestehoje.com.br\/novoportal\/wp-json\/wp\/v2\/posts\/103636","targetHints":{"allow":["GET"]}}],"collection":[{"href":"https:\/\/www.sudoestehoje.com.br\/novoportal\/wp-json\/wp\/v2\/posts"}],"about":[{"href":"https:\/\/www.sudoestehoje.com.br\/novoportal\/wp-json\/wp\/v2\/types\/post"}],"author":[{"embeddable":true,"href":"https:\/\/www.sudoestehoje.com.br\/novoportal\/wp-json\/wp\/v2\/users\/2"}],"replies":[{"embeddable":true,"href":"https:\/\/www.sudoestehoje.com.br\/novoportal\/wp-json\/wp\/v2\/comments?post=103636"}],"version-history":[{"count":4,"href":"https:\/\/www.sudoestehoje.com.br\/novoportal\/wp-json\/wp\/v2\/posts\/103636\/revisions"}],"predecessor-version":[{"id":103640,"href":"https:\/\/www.sudoestehoje.com.br\/novoportal\/wp-json\/wp\/v2\/posts\/103636\/revisions\/103640"}],"wp:featuredmedia":[{"embeddable":true,"href":"https:\/\/www.sudoestehoje.com.br\/novoportal\/wp-json\/wp\/v2\/media\/103589"}],"wp:attachment":[{"href":"https:\/\/www.sudoestehoje.com.br\/novoportal\/wp-json\/wp\/v2\/media?parent=103636"}],"wp:term":[{"taxonomy":"category","embeddable":true,"href":"https:\/\/www.sudoestehoje.com.br\/novoportal\/wp-json\/wp\/v2\/categories?post=103636"},{"taxonomy":"post_tag","embeddable":true,"href":"https:\/\/www.sudoestehoje.com.br\/novoportal\/wp-json\/wp\/v2\/tags?post=103636"}],"curies":[{"name":"wp","href":"https:\/\/api.w.org\/{rel}","templated":true}]}}