
{"id":103629,"date":"2022-07-23T21:59:59","date_gmt":"2022-07-24T00:59:59","guid":{"rendered":"https:\/\/www.sudoestehoje.com.br\/novoportal\/?p=103629"},"modified":"2022-07-23T21:59:59","modified_gmt":"2022-07-24T00:59:59","slug":"macarani-grupo-de-carlinhos-e-nogueira-fecha-com-acm-neto-para-governador","status":"publish","type":"post","link":"https:\/\/www.sudoestehoje.com.br\/novoportal\/2022\/07\/23\/macarani-grupo-de-carlinhos-e-nogueira-fecha-com-acm-neto-para-governador\/","title":{"rendered":"MACARANI | GRUPO DE CARLINHOS E NOGUEIRA FECHA COM ACM NETO PARA GOVERNADOR"},"content":{"rendered":"<p><a href=\"https:\/\/www.sudoestehoje.com.br\/novoportal\/wp-content\/uploads\/2022\/07\/WhatsApp-Image-2022-07-22-at-19.12.00.jpeg\"><img loading=\"lazy\" decoding=\"async\" class=\"aligncenter size-medium wp-image-103633\" src=\"https:\/\/www.sudoestehoje.com.br\/novoportal\/wp-content\/uploads\/2022\/07\/WhatsApp-Image-2022-07-22-at-19.12.00-500x375.jpeg\" alt=\"\" width=\"500\" height=\"375\" srcset=\"https:\/\/www.sudoestehoje.com.br\/novoportal\/wp-content\/uploads\/2022\/07\/WhatsApp-Image-2022-07-22-at-19.12.00-500x375.jpeg 500w, https:\/\/www.sudoestehoje.com.br\/novoportal\/wp-content\/uploads\/2022\/07\/WhatsApp-Image-2022-07-22-at-19.12.00-700x525.jpeg 700w, https:\/\/www.sudoestehoje.com.br\/novoportal\/wp-content\/uploads\/2022\/07\/WhatsApp-Image-2022-07-22-at-19.12.00-768x576.jpeg 768w, https:\/\/www.sudoestehoje.com.br\/novoportal\/wp-content\/uploads\/2022\/07\/WhatsApp-Image-2022-07-22-at-19.12.00.jpeg 1280w\" sizes=\"auto, (max-width: 500px) 100vw, 500px\" \/><\/a><\/p>\n<p>O grupos pol\u00edtico dos <strong>ex-prefeitos Carlinhos (MDB) e Nogueira (PP)<\/strong>, da cidade de Macarani, no M\u00e9dio Sudoeste da Bahia, fecharam apoio ao pr\u00e9-candidato ao governo da Bahia pelo Uni\u00e3o Brasil, ACM Neto.<\/p>\n<p>O apoio foi selado na quinta-feira (21), em evento pol\u00edtico na cidade de Igua\u00ed, atrav\u00e9s dos vereadores de<strong> Marlon Souza<\/strong>, presidente da C\u00e2mara, <strong>Edmilson Lima, M\u00e1rcio Sim e Rubenaldo<\/strong> al\u00e9m do ex-vereador <strong>Rob\u00e9rio Rold\u00e3o<\/strong> e do vice-presidente do MDB, <strong>Liora,<\/strong> todos ligados a Carlinhos e Nogueira. O vereador<strong> Neo de Am\u00e1lia<\/strong> n\u00e3o p\u00f4de comparecer, por motivo de for\u00e7a maior, mas confirma o seu apoio.<\/p>\n<p>Na pr\u00f3xima semana, o ex-prefeito Carlinhos ter\u00e1 uma reuni\u00e3o com o pr\u00e9-candidato ACM Neto para organizar uma uma visita a Macarani, durante a campanha eleitoral.<\/p>\n<p>Os ex prefeitos Carlinhos e Nogueira reafirmam o seu apoio ao deputado federal Cl\u00e1udio Cajado e ao deputado estadual Robinho, da base pol\u00edtica de ACM Neto e Cac\u00e1 Le\u00e3o.<\/p>\n<p><strong><em>Reda\u00e7\u00e3o SH<\/em><\/strong><\/p>\n","protected":false},"excerpt":{"rendered":"<p>O grupos pol\u00edtico dos ex-prefeitos Carlinhos (MDB) e Nogueira (PP), da cidade de Macarani, no M\u00e9dio Sudoeste da Bahia, fecharam apoio ao pr\u00e9-candidato ao governo da Bahia pelo Uni\u00e3o Brasil, ACM Neto. O apoio foi selado na quinta-feira (21), em evento pol\u00edtico na cidade de Igua\u00ed, atrav\u00e9s dos vereadores de Marlon Souza, presidente da C\u00e2mara, [&hellip;]<\/p>\n","protected":false},"author":2,"featured_media":103633,"comment_status":"open","ping_status":"open","sticky":false,"template":"","format":"standard","meta":{"footnotes":"","_links_to":"","_links_to_target":""},"categories":[1],"tags":[],"class_list":["post-103629","post","type-post","status-publish","format-standard","has-post-thumbnail","hentry","category-geral"],"views":1217,"_links":{"self":[{"href":"https:\/\/www.sudoestehoje.com.br\/novoportal\/wp-json\/wp\/v2\/posts\/103629","targetHints":{"allow":["GET"]}}],"collection":[{"href":"https:\/\/www.sudoestehoje.com.br\/novoportal\/wp-json\/wp\/v2\/posts"}],"about":[{"href":"https:\/\/www.sudoestehoje.com.br\/novoportal\/wp-json\/wp\/v2\/types\/post"}],"author":[{"embeddable":true,"href":"https:\/\/www.sudoestehoje.com.br\/novoportal\/wp-json\/wp\/v2\/users\/2"}],"replies":[{"embeddable":true,"href":"https:\/\/www.sudoestehoje.com.br\/novoportal\/wp-json\/wp\/v2\/comments?post=103629"}],"version-history":[{"count":5,"href":"https:\/\/www.sudoestehoje.com.br\/novoportal\/wp-json\/wp\/v2\/posts\/103629\/revisions"}],"predecessor-version":[{"id":103635,"href":"https:\/\/www.sudoestehoje.com.br\/novoportal\/wp-json\/wp\/v2\/posts\/103629\/revisions\/103635"}],"wp:featuredmedia":[{"embeddable":true,"href":"https:\/\/www.sudoestehoje.com.br\/novoportal\/wp-json\/wp\/v2\/media\/103633"}],"wp:attachment":[{"href":"https:\/\/www.sudoestehoje.com.br\/novoportal\/wp-json\/wp\/v2\/media?parent=103629"}],"wp:term":[{"taxonomy":"category","embeddable":true,"href":"https:\/\/www.sudoestehoje.com.br\/novoportal\/wp-json\/wp\/v2\/categories?post=103629"},{"taxonomy":"post_tag","embeddable":true,"href":"https:\/\/www.sudoestehoje.com.br\/novoportal\/wp-json\/wp\/v2\/tags?post=103629"}],"curies":[{"name":"wp","href":"https:\/\/api.w.org\/{rel}","templated":true}]}}