
{"id":103598,"date":"2022-07-22T22:50:47","date_gmt":"2022-07-23T01:50:47","guid":{"rendered":"https:\/\/www.sudoestehoje.com.br\/novoportal\/?p=103598"},"modified":"2022-07-22T22:50:47","modified_gmt":"2022-07-23T01:50:47","slug":"em-convencao-joao-roma-apresenta-medica-do-partido-da-mulher-como-sua-vice","status":"publish","type":"post","link":"https:\/\/www.sudoestehoje.com.br\/novoportal\/2022\/07\/22\/em-convencao-joao-roma-apresenta-medica-do-partido-da-mulher-como-sua-vice\/","title":{"rendered":"EM CONVEN\u00c7\u00c3O, JO\u00c3O ROMA APRESENTA M\u00c9DICA DO PARTIDO DA MULHER COMO SUA VICE"},"content":{"rendered":"<p><a href=\"https:\/\/www.sudoestehoje.com.br\/novoportal\/wp-content\/uploads\/2022\/07\/Roma-1000x530-1.jpeg\"><img loading=\"lazy\" decoding=\"async\" class=\"aligncenter size-medium wp-image-103601\" src=\"https:\/\/www.sudoestehoje.com.br\/novoportal\/wp-content\/uploads\/2022\/07\/Roma-1000x530-1-500x265.jpeg\" alt=\"\" width=\"500\" height=\"265\" srcset=\"https:\/\/www.sudoestehoje.com.br\/novoportal\/wp-content\/uploads\/2022\/07\/Roma-1000x530-1-500x265.jpeg 500w, https:\/\/www.sudoestehoje.com.br\/novoportal\/wp-content\/uploads\/2022\/07\/Roma-1000x530-1-700x371.jpeg 700w, https:\/\/www.sudoestehoje.com.br\/novoportal\/wp-content\/uploads\/2022\/07\/Roma-1000x530-1-768x407.jpeg 768w, https:\/\/www.sudoestehoje.com.br\/novoportal\/wp-content\/uploads\/2022\/07\/Roma-1000x530-1.jpeg 1000w\" sizes=\"auto, (max-width: 500px) 100vw, 500px\" \/><\/a><\/p>\n<p>A m\u00e9dica Leon\u00eddia Umbelina, do Partido da Mulher Brasileira (PMB), foi a escolhida pelo ex-ministro e pr\u00e9-candidato ao governo da Bahia, Jo\u00e3o Roma (PL).<\/p>\n<p>A indica\u00e7\u00e3o foi confirmada na manh\u00e3 desta sexta-feira (22), durante a Conven\u00e7\u00e3o do PL.\u00a0A chapa contar\u00e1 com a tamb\u00e9m m\u00e9dica, Raissa Soares (PL), como candidata ao Senado.<\/p>\n<p>O diret\u00f3rio baiano do PL realizou na manh\u00e3 desta sexta-feira a conven\u00e7\u00e3o para oficializar as candidaturas ao Governo do Estado, Senado, Assembleia Legislativa e C\u00e2mara dos Deputados.<\/p>\n<p>Jo\u00e3o Roma conta com o apoio do presidente Jair Bolsonaro na disputa pelo governo da Bahia.<\/p>\n","protected":false},"excerpt":{"rendered":"<p>A m\u00e9dica Leon\u00eddia Umbelina, do Partido da Mulher Brasileira (PMB), foi a escolhida pelo ex-ministro e pr\u00e9-candidato ao governo da Bahia, Jo\u00e3o Roma (PL). A indica\u00e7\u00e3o foi confirmada na manh\u00e3 desta sexta-feira (22), durante a Conven\u00e7\u00e3o do PL.\u00a0A chapa contar\u00e1 com a tamb\u00e9m m\u00e9dica, Raissa Soares (PL), como candidata ao Senado. O diret\u00f3rio baiano do [&hellip;]<\/p>\n","protected":false},"author":2,"featured_media":103601,"comment_status":"open","ping_status":"open","sticky":false,"template":"","format":"standard","meta":{"footnotes":"","_links_to":"","_links_to_target":""},"categories":[1],"tags":[],"class_list":["post-103598","post","type-post","status-publish","format-standard","has-post-thumbnail","hentry","category-geral"],"views":733,"_links":{"self":[{"href":"https:\/\/www.sudoestehoje.com.br\/novoportal\/wp-json\/wp\/v2\/posts\/103598","targetHints":{"allow":["GET"]}}],"collection":[{"href":"https:\/\/www.sudoestehoje.com.br\/novoportal\/wp-json\/wp\/v2\/posts"}],"about":[{"href":"https:\/\/www.sudoestehoje.com.br\/novoportal\/wp-json\/wp\/v2\/types\/post"}],"author":[{"embeddable":true,"href":"https:\/\/www.sudoestehoje.com.br\/novoportal\/wp-json\/wp\/v2\/users\/2"}],"replies":[{"embeddable":true,"href":"https:\/\/www.sudoestehoje.com.br\/novoportal\/wp-json\/wp\/v2\/comments?post=103598"}],"version-history":[{"count":3,"href":"https:\/\/www.sudoestehoje.com.br\/novoportal\/wp-json\/wp\/v2\/posts\/103598\/revisions"}],"predecessor-version":[{"id":103602,"href":"https:\/\/www.sudoestehoje.com.br\/novoportal\/wp-json\/wp\/v2\/posts\/103598\/revisions\/103602"}],"wp:featuredmedia":[{"embeddable":true,"href":"https:\/\/www.sudoestehoje.com.br\/novoportal\/wp-json\/wp\/v2\/media\/103601"}],"wp:attachment":[{"href":"https:\/\/www.sudoestehoje.com.br\/novoportal\/wp-json\/wp\/v2\/media?parent=103598"}],"wp:term":[{"taxonomy":"category","embeddable":true,"href":"https:\/\/www.sudoestehoje.com.br\/novoportal\/wp-json\/wp\/v2\/categories?post=103598"},{"taxonomy":"post_tag","embeddable":true,"href":"https:\/\/www.sudoestehoje.com.br\/novoportal\/wp-json\/wp\/v2\/tags?post=103598"}],"curies":[{"name":"wp","href":"https:\/\/api.w.org\/{rel}","templated":true}]}}