
{"id":103594,"date":"2022-07-22T22:31:14","date_gmt":"2022-07-23T01:31:14","guid":{"rendered":"https:\/\/www.sudoestehoje.com.br\/novoportal\/?p=103594"},"modified":"2022-07-22T22:31:14","modified_gmt":"2022-07-23T01:31:14","slug":"bahia-registra-3-165-casos-de-covid-19-e-15-mortes-pela-doenca-em-24-horas","status":"publish","type":"post","link":"https:\/\/www.sudoestehoje.com.br\/novoportal\/2022\/07\/22\/bahia-registra-3-165-casos-de-covid-19-e-15-mortes-pela-doenca-em-24-horas\/","title":{"rendered":"BAHIA REGISTRA 3.165 CASOS DE COVID-19 E 15 MORTES PELA DOEN\u00c7A EM 24 HORAS"},"content":{"rendered":"<p><a href=\"https:\/\/www.sudoestehoje.com.br\/novoportal\/wp-content\/uploads\/2022\/07\/7d0857ebc4f5f4f66477e1e68712c1fb-1.jpg\"><img loading=\"lazy\" decoding=\"async\" class=\"aligncenter size-medium wp-image-103595\" src=\"https:\/\/www.sudoestehoje.com.br\/novoportal\/wp-content\/uploads\/2022\/07\/7d0857ebc4f5f4f66477e1e68712c1fb-1-500x360.jpg\" alt=\"\" width=\"500\" height=\"360\" srcset=\"https:\/\/www.sudoestehoje.com.br\/novoportal\/wp-content\/uploads\/2022\/07\/7d0857ebc4f5f4f66477e1e68712c1fb-1-500x360.jpg 500w, https:\/\/www.sudoestehoje.com.br\/novoportal\/wp-content\/uploads\/2022\/07\/7d0857ebc4f5f4f66477e1e68712c1fb-1.jpg 555w\" sizes=\"auto, (max-width: 500px) 100vw, 500px\" \/><\/a><\/p>\n<p>Na Bahia, nas \u00faltimas 24 horas, foram registrados 3.165 casos de Covid-19 (taxa de crescimento de +0,19%), 3.629 recuperados (+0,23%) e 15 \u00f3bitos. Dos 1.646.766 casos confirmados desde o in\u00edcio da pandemia, 1.604.259 j\u00e1 s\u00e3o considerados recuperados, 12.259 encontram-se ativos e 30.248 tiveram \u00f3bito confirmado.<\/p>\n<p>Os dados ainda podem sofrer altera\u00e7\u00f5es.<\/p>\n<p>O boletim epidemiol\u00f3gico desta sexta-feira (22) contabiliza ainda 1.941.090 casos descartados e 356.583 em investiga\u00e7\u00e3o. Estes dados representam notifica\u00e7\u00f5es oficiais compiladas pela Diretoria de Vigil\u00e2ncia Epidemiol\u00f3gica em Sa\u00fade da Bahia (Divep-BA), em conjunto com as vigil\u00e2ncias municipais e as bases de dados do Minist\u00e9rio da Sa\u00fade at\u00e9 \u00e0s 17 horas sexta-feira.<\/p>\n<p>Na Bahia, 67.182 profissionais da sa\u00fade foram confirmados para Covid-19.b<\/p>\n","protected":false},"excerpt":{"rendered":"<p>Na Bahia, nas \u00faltimas 24 horas, foram registrados 3.165 casos de Covid-19 (taxa de crescimento de +0,19%), 3.629 recuperados (+0,23%) e 15 \u00f3bitos. Dos 1.646.766 casos confirmados desde o in\u00edcio da pandemia, 1.604.259 j\u00e1 s\u00e3o considerados recuperados, 12.259 encontram-se ativos e 30.248 tiveram \u00f3bito confirmado. Os dados ainda podem sofrer altera\u00e7\u00f5es. O boletim epidemiol\u00f3gico desta [&hellip;]<\/p>\n","protected":false},"author":2,"featured_media":103595,"comment_status":"open","ping_status":"open","sticky":false,"template":"","format":"standard","meta":{"footnotes":"","_links_to":"","_links_to_target":""},"categories":[1],"tags":[],"class_list":["post-103594","post","type-post","status-publish","format-standard","has-post-thumbnail","hentry","category-geral"],"views":672,"_links":{"self":[{"href":"https:\/\/www.sudoestehoje.com.br\/novoportal\/wp-json\/wp\/v2\/posts\/103594","targetHints":{"allow":["GET"]}}],"collection":[{"href":"https:\/\/www.sudoestehoje.com.br\/novoportal\/wp-json\/wp\/v2\/posts"}],"about":[{"href":"https:\/\/www.sudoestehoje.com.br\/novoportal\/wp-json\/wp\/v2\/types\/post"}],"author":[{"embeddable":true,"href":"https:\/\/www.sudoestehoje.com.br\/novoportal\/wp-json\/wp\/v2\/users\/2"}],"replies":[{"embeddable":true,"href":"https:\/\/www.sudoestehoje.com.br\/novoportal\/wp-json\/wp\/v2\/comments?post=103594"}],"version-history":[{"count":2,"href":"https:\/\/www.sudoestehoje.com.br\/novoportal\/wp-json\/wp\/v2\/posts\/103594\/revisions"}],"predecessor-version":[{"id":103597,"href":"https:\/\/www.sudoestehoje.com.br\/novoportal\/wp-json\/wp\/v2\/posts\/103594\/revisions\/103597"}],"wp:featuredmedia":[{"embeddable":true,"href":"https:\/\/www.sudoestehoje.com.br\/novoportal\/wp-json\/wp\/v2\/media\/103595"}],"wp:attachment":[{"href":"https:\/\/www.sudoestehoje.com.br\/novoportal\/wp-json\/wp\/v2\/media?parent=103594"}],"wp:term":[{"taxonomy":"category","embeddable":true,"href":"https:\/\/www.sudoestehoje.com.br\/novoportal\/wp-json\/wp\/v2\/categories?post=103594"},{"taxonomy":"post_tag","embeddable":true,"href":"https:\/\/www.sudoestehoje.com.br\/novoportal\/wp-json\/wp\/v2\/tags?post=103594"}],"curies":[{"name":"wp","href":"https:\/\/api.w.org\/{rel}","templated":true}]}}