
{"id":103562,"date":"2022-07-21T09:06:12","date_gmt":"2022-07-21T12:06:12","guid":{"rendered":"https:\/\/www.sudoestehoje.com.br\/novoportal\/?p=103562"},"modified":"2022-07-21T09:06:12","modified_gmt":"2022-07-21T12:06:12","slug":"gasolina-em-itapetinga-e-a-mais-cara-da-regiao-reclama-o-pastor-evandro","status":"publish","type":"post","link":"https:\/\/www.sudoestehoje.com.br\/novoportal\/2022\/07\/21\/gasolina-em-itapetinga-e-a-mais-cara-da-regiao-reclama-o-pastor-evandro\/","title":{"rendered":"&#8220;GASOLINA EM ITAPETINGA \u00c9 A MAIS CARA DA REGI\u00c3O&#8221;, RECLAMA O PASTOR EVANDRO"},"content":{"rendered":"<p><a href=\"https:\/\/www.sudoestehoje.com.br\/novoportal\/wp-content\/uploads\/2022\/07\/WhatsApp-Image-2022-07-21-at-08.59.41.jpeg\"><img loading=\"lazy\" decoding=\"async\" class=\"aligncenter size-medium wp-image-103565\" src=\"https:\/\/www.sudoestehoje.com.br\/novoportal\/wp-content\/uploads\/2022\/07\/WhatsApp-Image-2022-07-21-at-08.59.41-500x415.jpeg\" alt=\"\" width=\"500\" height=\"415\" srcset=\"https:\/\/www.sudoestehoje.com.br\/novoportal\/wp-content\/uploads\/2022\/07\/WhatsApp-Image-2022-07-21-at-08.59.41-500x415.jpeg 500w, https:\/\/www.sudoestehoje.com.br\/novoportal\/wp-content\/uploads\/2022\/07\/WhatsApp-Image-2022-07-21-at-08.59.41-700x581.jpeg 700w, https:\/\/www.sudoestehoje.com.br\/novoportal\/wp-content\/uploads\/2022\/07\/WhatsApp-Image-2022-07-21-at-08.59.41-768x637.jpeg 768w, https:\/\/www.sudoestehoje.com.br\/novoportal\/wp-content\/uploads\/2022\/07\/WhatsApp-Image-2022-07-21-at-08.59.41.jpeg 1080w\" sizes=\"auto, (max-width: 500px) 100vw, 500px\" \/><\/a><\/p>\n<p>Mesmo baixando os pre\u00e7os dos combust\u00edveis por for\u00e7a das medidas do governo, os postos de Itapetinga continuam sendo criticados por manterem uma tabela de pre\u00e7os bem acima da praticada em outras cidades da regi\u00e3o e em todo o estado.<\/p>\n<p>Uma cr\u00edtica contundente contra a suposta &#8220;combina\u00e7\u00e3o de pre\u00e7os&#8221; entre os postos de combust\u00edveis na cidade foi proferida nesta quarta-feira (20) pelo vereador Pastor Evandro (PSD), atrav\u00e9s de um v\u00eddeo divulgado nas redes sociais, mostrando os pre\u00e7os praticados em outras cidades da regi\u00e3o, bem abaixo dos fixados em Itapetinga.<\/p>\n<p>Em Vit\u00f3ria da Conquista, por exemplo, a gasolina est\u00e1 sendo vendida at\u00e9 a R$ 5,45 o litro, enquanto em Itapetinga caiu nesta quinta para R$ 6,63. Ontem custava R$ 6,77.<\/p>\n<p>O Pastor Evandro conclamou os moto-taxistas, motoristas de aplicativos, taxistas e toda a popula\u00e7\u00e3o a se manifestarem, exigindo uma redu\u00e7\u00e3o mais expressiva nos pre\u00e7os de todos os combust\u00edveis na cidade, para o patamar das outras cidades.<\/p>\n<p>T\u00e1 cert\u00edssimo!<\/p>\n<p><strong><em>Por Davi Ferraz\u00a0<\/em><\/strong><\/p>\n","protected":false},"excerpt":{"rendered":"<p>Mesmo baixando os pre\u00e7os dos combust\u00edveis por for\u00e7a das medidas do governo, os postos de Itapetinga continuam sendo criticados por manterem uma tabela de pre\u00e7os bem acima da praticada em outras cidades da regi\u00e3o e em todo o estado. Uma cr\u00edtica contundente contra a suposta &#8220;combina\u00e7\u00e3o de pre\u00e7os&#8221; entre os postos de combust\u00edveis na cidade [&hellip;]<\/p>\n","protected":false},"author":2,"featured_media":103565,"comment_status":"open","ping_status":"open","sticky":false,"template":"","format":"standard","meta":{"footnotes":"","_links_to":"","_links_to_target":""},"categories":[1],"tags":[],"class_list":["post-103562","post","type-post","status-publish","format-standard","has-post-thumbnail","hentry","category-geral"],"views":905,"_links":{"self":[{"href":"https:\/\/www.sudoestehoje.com.br\/novoportal\/wp-json\/wp\/v2\/posts\/103562","targetHints":{"allow":["GET"]}}],"collection":[{"href":"https:\/\/www.sudoestehoje.com.br\/novoportal\/wp-json\/wp\/v2\/posts"}],"about":[{"href":"https:\/\/www.sudoestehoje.com.br\/novoportal\/wp-json\/wp\/v2\/types\/post"}],"author":[{"embeddable":true,"href":"https:\/\/www.sudoestehoje.com.br\/novoportal\/wp-json\/wp\/v2\/users\/2"}],"replies":[{"embeddable":true,"href":"https:\/\/www.sudoestehoje.com.br\/novoportal\/wp-json\/wp\/v2\/comments?post=103562"}],"version-history":[{"count":3,"href":"https:\/\/www.sudoestehoje.com.br\/novoportal\/wp-json\/wp\/v2\/posts\/103562\/revisions"}],"predecessor-version":[{"id":103567,"href":"https:\/\/www.sudoestehoje.com.br\/novoportal\/wp-json\/wp\/v2\/posts\/103562\/revisions\/103567"}],"wp:featuredmedia":[{"embeddable":true,"href":"https:\/\/www.sudoestehoje.com.br\/novoportal\/wp-json\/wp\/v2\/media\/103565"}],"wp:attachment":[{"href":"https:\/\/www.sudoestehoje.com.br\/novoportal\/wp-json\/wp\/v2\/media?parent=103562"}],"wp:term":[{"taxonomy":"category","embeddable":true,"href":"https:\/\/www.sudoestehoje.com.br\/novoportal\/wp-json\/wp\/v2\/categories?post=103562"},{"taxonomy":"post_tag","embeddable":true,"href":"https:\/\/www.sudoestehoje.com.br\/novoportal\/wp-json\/wp\/v2\/tags?post=103562"}],"curies":[{"name":"wp","href":"https:\/\/api.w.org\/{rel}","templated":true}]}}