
{"id":103551,"date":"2022-07-20T16:42:42","date_gmt":"2022-07-20T19:42:42","guid":{"rendered":"https:\/\/www.sudoestehoje.com.br\/novoportal\/?p=103551"},"modified":"2022-07-20T16:42:42","modified_gmt":"2022-07-20T19:42:42","slug":"itapetinga-juscelino-gomes-assume-mandato-de-vereador-nesta-quinta","status":"publish","type":"post","link":"https:\/\/www.sudoestehoje.com.br\/novoportal\/2022\/07\/20\/itapetinga-juscelino-gomes-assume-mandato-de-vereador-nesta-quinta\/","title":{"rendered":"ITAPETINGA: JUSCELINO GOMES ASSUME MANDATO DE VEREADOR NESTA QUINTA"},"content":{"rendered":"<p><a href=\"https:\/\/www.sudoestehoje.com.br\/novoportal\/wp-content\/uploads\/2022\/07\/JUSCELINO-1-500x500-1.jpeg\"><img loading=\"lazy\" decoding=\"async\" class=\"aligncenter size-full wp-image-103553\" src=\"https:\/\/www.sudoestehoje.com.br\/novoportal\/wp-content\/uploads\/2022\/07\/JUSCELINO-1-500x500-1.jpeg\" alt=\"\" width=\"495\" height=\"362\" \/><\/a><\/p>\n<p>Eleito 1\u00ba suplente de vereador nas elei\u00e7\u00f5es municipais de 2020, pelo PSC, Juscelino Gomes toma posse nesta quinta-feira (21) na C\u00e2mara Municipal de Itapetinga.\u00a0De acordo com a Secretaria Administrativa da C\u00e2mara de Vereadores, o ato de posse ser\u00e1 realizado no gabinete do presidente Valqu\u00edrio Lima (PSD), a partir das 9 horas.<\/p>\n<p>Juscelino Gomes substituir\u00e1 o vereador titular Neto Ferraz (PSC), que foi nomeado para o cargo de coordenador da Coordenadoria Municipal de Tr\u00e2nsito (Comutran) por meio do Decreto N\u00ba 094\/2022, assinado pelo prefeito Rodrigo Hagge, publicado na edi\u00e7\u00e3o 3.026 no dia 15 de julho no Di\u00e1rio Oficial da Prefeitura Municipal de Itapetinga.<\/p>\n<p>Juscelino Gomes obteve 617 votos nas elei\u00e7\u00f5es de 2020. Juscelino Ol\u00edmpio Gomes tem 68 anos, \u00e9 formado em Contabilidade, atuou como comerciante e foi representante comercial durante 15 anos.<\/p>\n<p>Exerceu dois mandatos como vereador de Itapetinga: de 1993 a 1996 e de 2001 a 2004. Nas elei\u00e7\u00f5es de 1992, foi eleito pelo Partido Liberal (PL), com 387 votos. Nos anos 2000, elegeu-se com 793 votos pelo antigo Partido da Frente Liberal.<\/p>\n<p>Ocupou o cargo de secret\u00e1rio municipal de Desenvolvimento Econ\u00f4mico e Agricultura no primeiro mandato do prefeito Rodrigo Hagge e estava ocupando o cargo de ouvidor municipal desde 2021, vinculado \u00e0 Secretaria Municipal de Governo, tendo sido exonerado por meio de decreto na ter\u00e7a-feira (19) para assumir novamente uma cadeira na C\u00e2mara de Vereadores. \/\/<em>Ascom CMI<\/em><\/p>\n","protected":false},"excerpt":{"rendered":"<p>Eleito 1\u00ba suplente de vereador nas elei\u00e7\u00f5es municipais de 2020, pelo PSC, Juscelino Gomes toma posse nesta quinta-feira (21) na C\u00e2mara Municipal de Itapetinga.\u00a0De acordo com a Secretaria Administrativa da C\u00e2mara de Vereadores, o ato de posse ser\u00e1 realizado no gabinete do presidente Valqu\u00edrio Lima (PSD), a partir das 9 horas. Juscelino Gomes substituir\u00e1 o [&hellip;]<\/p>\n","protected":false},"author":2,"featured_media":103553,"comment_status":"open","ping_status":"open","sticky":false,"template":"","format":"standard","meta":{"footnotes":"","_links_to":"","_links_to_target":""},"categories":[1],"tags":[],"class_list":["post-103551","post","type-post","status-publish","format-standard","has-post-thumbnail","hentry","category-geral"],"views":753,"_links":{"self":[{"href":"https:\/\/www.sudoestehoje.com.br\/novoportal\/wp-json\/wp\/v2\/posts\/103551","targetHints":{"allow":["GET"]}}],"collection":[{"href":"https:\/\/www.sudoestehoje.com.br\/novoportal\/wp-json\/wp\/v2\/posts"}],"about":[{"href":"https:\/\/www.sudoestehoje.com.br\/novoportal\/wp-json\/wp\/v2\/types\/post"}],"author":[{"embeddable":true,"href":"https:\/\/www.sudoestehoje.com.br\/novoportal\/wp-json\/wp\/v2\/users\/2"}],"replies":[{"embeddable":true,"href":"https:\/\/www.sudoestehoje.com.br\/novoportal\/wp-json\/wp\/v2\/comments?post=103551"}],"version-history":[{"count":3,"href":"https:\/\/www.sudoestehoje.com.br\/novoportal\/wp-json\/wp\/v2\/posts\/103551\/revisions"}],"predecessor-version":[{"id":103555,"href":"https:\/\/www.sudoestehoje.com.br\/novoportal\/wp-json\/wp\/v2\/posts\/103551\/revisions\/103555"}],"wp:featuredmedia":[{"embeddable":true,"href":"https:\/\/www.sudoestehoje.com.br\/novoportal\/wp-json\/wp\/v2\/media\/103553"}],"wp:attachment":[{"href":"https:\/\/www.sudoestehoje.com.br\/novoportal\/wp-json\/wp\/v2\/media?parent=103551"}],"wp:term":[{"taxonomy":"category","embeddable":true,"href":"https:\/\/www.sudoestehoje.com.br\/novoportal\/wp-json\/wp\/v2\/categories?post=103551"},{"taxonomy":"post_tag","embeddable":true,"href":"https:\/\/www.sudoestehoje.com.br\/novoportal\/wp-json\/wp\/v2\/tags?post=103551"}],"curies":[{"name":"wp","href":"https:\/\/api.w.org\/{rel}","templated":true}]}}