
{"id":103546,"date":"2022-07-20T10:59:54","date_gmt":"2022-07-20T13:59:54","guid":{"rendered":"https:\/\/www.sudoestehoje.com.br\/novoportal\/?p=103546"},"modified":"2022-07-20T10:59:54","modified_gmt":"2022-07-20T13:59:54","slug":"luto-em-conquista-morre-o-professor-ubirajara-pereira-de-brito","status":"publish","type":"post","link":"https:\/\/www.sudoestehoje.com.br\/novoportal\/2022\/07\/20\/luto-em-conquista-morre-o-professor-ubirajara-pereira-de-brito\/","title":{"rendered":"LUTO EM CONQUISTA: MORRE O PROFESSOR UBIRAJARA PEREIRA DE BRITO"},"content":{"rendered":"<p><a href=\"https:\/\/www.sudoestehoje.com.br\/novoportal\/wp-content\/uploads\/2022\/07\/DSC_0248-1-1.jpg\"><img loading=\"lazy\" decoding=\"async\" class=\"aligncenter size-medium wp-image-103548\" src=\"https:\/\/www.sudoestehoje.com.br\/novoportal\/wp-content\/uploads\/2022\/07\/DSC_0248-1-1-500x333.jpg\" alt=\"\" width=\"500\" height=\"333\" srcset=\"https:\/\/www.sudoestehoje.com.br\/novoportal\/wp-content\/uploads\/2022\/07\/DSC_0248-1-1-500x333.jpg 500w, https:\/\/www.sudoestehoje.com.br\/novoportal\/wp-content\/uploads\/2022\/07\/DSC_0248-1-1.jpg 600w\" sizes=\"auto, (max-width: 500px) 100vw, 500px\" \/><\/a><\/p>\n<p>Com muito pesar informamos o passamento do professor <strong>Ubirajara Pereira de Brito<\/strong>. Aos 88 anos, o Doutor Ubirajara faleceu na madrugada desta quarta-feira (20), no Hospital SAMUR.<\/p>\n<p><em>\u201cUbirajara Brito, nascido em Tremedal, veio para Vit\u00f3ria da Conquista estudar, depois foi para Salvador onde fez Engenharia Civil, foi um homem de uma intelig\u00eancia invej\u00e1vel, foi professora Universidade de Paris, quando esteve em asilo pol\u00edtico, voltou ao Brasil chegou a ser Ministro de Estado, foi um grande orientador pol\u00edtico da regi\u00e3o, ajudou muito na pol\u00edtica desenvolvimento da nossa cidade. Autor de alguns livros, era um entusiasta da educa\u00e7\u00e3o no pa\u00eds\u201d,<\/em> destacou o professor Claudionor Dutra Neto.<\/p>\n<p>O editor do Sudoeste Hoje lamenta a perda irrepar\u00e1vel do ilustre parente e amigo Bira, estendendo as suas condol\u00eancias a toda a fam\u00edlia.<\/p>\n<p><strong><em>Davi Ferraz (com informa\u00e7\u00f5es do Blog do Anderson)<\/em><\/strong><\/p>\n","protected":false},"excerpt":{"rendered":"<p>Com muito pesar informamos o passamento do professor Ubirajara Pereira de Brito. Aos 88 anos, o Doutor Ubirajara faleceu na madrugada desta quarta-feira (20), no Hospital SAMUR. \u201cUbirajara Brito, nascido em Tremedal, veio para Vit\u00f3ria da Conquista estudar, depois foi para Salvador onde fez Engenharia Civil, foi um homem de uma intelig\u00eancia invej\u00e1vel, foi professora [&hellip;]<\/p>\n","protected":false},"author":2,"featured_media":0,"comment_status":"open","ping_status":"open","sticky":false,"template":"","format":"standard","meta":{"footnotes":"","_links_to":"","_links_to_target":""},"categories":[1],"tags":[],"class_list":["post-103546","post","type-post","status-publish","format-standard","hentry","category-geral"],"views":942,"_links":{"self":[{"href":"https:\/\/www.sudoestehoje.com.br\/novoportal\/wp-json\/wp\/v2\/posts\/103546","targetHints":{"allow":["GET"]}}],"collection":[{"href":"https:\/\/www.sudoestehoje.com.br\/novoportal\/wp-json\/wp\/v2\/posts"}],"about":[{"href":"https:\/\/www.sudoestehoje.com.br\/novoportal\/wp-json\/wp\/v2\/types\/post"}],"author":[{"embeddable":true,"href":"https:\/\/www.sudoestehoje.com.br\/novoportal\/wp-json\/wp\/v2\/users\/2"}],"replies":[{"embeddable":true,"href":"https:\/\/www.sudoestehoje.com.br\/novoportal\/wp-json\/wp\/v2\/comments?post=103546"}],"version-history":[{"count":2,"href":"https:\/\/www.sudoestehoje.com.br\/novoportal\/wp-json\/wp\/v2\/posts\/103546\/revisions"}],"predecessor-version":[{"id":103550,"href":"https:\/\/www.sudoestehoje.com.br\/novoportal\/wp-json\/wp\/v2\/posts\/103546\/revisions\/103550"}],"wp:attachment":[{"href":"https:\/\/www.sudoestehoje.com.br\/novoportal\/wp-json\/wp\/v2\/media?parent=103546"}],"wp:term":[{"taxonomy":"category","embeddable":true,"href":"https:\/\/www.sudoestehoje.com.br\/novoportal\/wp-json\/wp\/v2\/categories?post=103546"},{"taxonomy":"post_tag","embeddable":true,"href":"https:\/\/www.sudoestehoje.com.br\/novoportal\/wp-json\/wp\/v2\/tags?post=103546"}],"curies":[{"name":"wp","href":"https:\/\/api.w.org\/{rel}","templated":true}]}}