
{"id":103542,"date":"2022-07-20T10:45:38","date_gmt":"2022-07-20T13:45:38","guid":{"rendered":"https:\/\/www.sudoestehoje.com.br\/novoportal\/?p=103542"},"modified":"2022-07-20T10:45:38","modified_gmt":"2022-07-20T13:45:38","slug":"eleicoes-frente-de-lula-para-bolsonaro-cai-para-6-segundo-instituto-data-poder","status":"publish","type":"post","link":"https:\/\/www.sudoestehoje.com.br\/novoportal\/2022\/07\/20\/eleicoes-frente-de-lula-para-bolsonaro-cai-para-6-segundo-instituto-data-poder\/","title":{"rendered":"ELEI\u00c7\u00d5ES | FRENTE DE LULA PARA BOLSONARO CAI PARA 6% SEGUNDO INSTITUTO DATA\/PODER"},"content":{"rendered":"<p><a href=\"https:\/\/www.sudoestehoje.com.br\/novoportal\/wp-content\/uploads\/2022\/07\/162465761160d64ecb0596c_1624657611_3x2_rt.jpg\"><img loading=\"lazy\" decoding=\"async\" class=\"aligncenter size-medium wp-image-103544\" src=\"https:\/\/www.sudoestehoje.com.br\/novoportal\/wp-content\/uploads\/2022\/07\/162465761160d64ecb0596c_1624657611_3x2_rt-500x333.jpg\" alt=\"\" width=\"500\" height=\"333\" srcset=\"https:\/\/www.sudoestehoje.com.br\/novoportal\/wp-content\/uploads\/2022\/07\/162465761160d64ecb0596c_1624657611_3x2_rt-500x333.jpg 500w, https:\/\/www.sudoestehoje.com.br\/novoportal\/wp-content\/uploads\/2022\/07\/162465761160d64ecb0596c_1624657611_3x2_rt-700x467.jpg 700w, https:\/\/www.sudoestehoje.com.br\/novoportal\/wp-content\/uploads\/2022\/07\/162465761160d64ecb0596c_1624657611_3x2_rt-768x512.jpg 768w, https:\/\/www.sudoestehoje.com.br\/novoportal\/wp-content\/uploads\/2022\/07\/162465761160d64ecb0596c_1624657611_3x2_rt-1536x1024.jpg 1536w, https:\/\/www.sudoestehoje.com.br\/novoportal\/wp-content\/uploads\/2022\/07\/162465761160d64ecb0596c_1624657611_3x2_rt-2048x1365.jpg 2048w\" sizes=\"auto, (max-width: 500px) 100vw, 500px\" \/><\/a><\/p>\n<p>O ex-presidente Luiz In\u00e1cio Lula da Silva (PT) tem 43% das inten\u00e7\u00f5es de voto contra 37% do presidente Jair Bolsonaro (PL), segundo levantamento do PoderData, divulgado nesta quarta-feira (20). Essa \u00e9 a menor diferen\u00e7a registrada entre os dois principais pr\u00e9-candidatos na disputa pelo Pal\u00e1cio do Planalto.<\/p>\n<p>Na \u00faltima pesquisa, divulgada no in\u00edcio do m\u00eas, Lula tinha 44% e Bolsonaro, 36%. J\u00e1 na pesquisa realizada ainda em junho, entre os dias 19 e 21, a diferen\u00e7a entre os dois era de 10 pontos percentuais, sendo que o petista tinha 44% e o atual presidente, 34%.<\/p>\n<p>J\u00e1 no levantamento divulgado hoje, os demais pr\u00e9-candidatos seguem com pontua\u00e7\u00f5es abaixo de 10%. Ciro Gomes (PDT) tem 6% e Simone Tebet (MDB), 3%.<\/p>\n","protected":false},"excerpt":{"rendered":"<p>O ex-presidente Luiz In\u00e1cio Lula da Silva (PT) tem 43% das inten\u00e7\u00f5es de voto contra 37% do presidente Jair Bolsonaro (PL), segundo levantamento do PoderData, divulgado nesta quarta-feira (20). Essa \u00e9 a menor diferen\u00e7a registrada entre os dois principais pr\u00e9-candidatos na disputa pelo Pal\u00e1cio do Planalto. Na \u00faltima pesquisa, divulgada no in\u00edcio do m\u00eas, Lula [&hellip;]<\/p>\n","protected":false},"author":2,"featured_media":103544,"comment_status":"open","ping_status":"open","sticky":false,"template":"","format":"standard","meta":{"footnotes":"","_links_to":"","_links_to_target":""},"categories":[1],"tags":[],"class_list":["post-103542","post","type-post","status-publish","format-standard","has-post-thumbnail","hentry","category-geral"],"views":900,"_links":{"self":[{"href":"https:\/\/www.sudoestehoje.com.br\/novoportal\/wp-json\/wp\/v2\/posts\/103542","targetHints":{"allow":["GET"]}}],"collection":[{"href":"https:\/\/www.sudoestehoje.com.br\/novoportal\/wp-json\/wp\/v2\/posts"}],"about":[{"href":"https:\/\/www.sudoestehoje.com.br\/novoportal\/wp-json\/wp\/v2\/types\/post"}],"author":[{"embeddable":true,"href":"https:\/\/www.sudoestehoje.com.br\/novoportal\/wp-json\/wp\/v2\/users\/2"}],"replies":[{"embeddable":true,"href":"https:\/\/www.sudoestehoje.com.br\/novoportal\/wp-json\/wp\/v2\/comments?post=103542"}],"version-history":[{"count":2,"href":"https:\/\/www.sudoestehoje.com.br\/novoportal\/wp-json\/wp\/v2\/posts\/103542\/revisions"}],"predecessor-version":[{"id":103545,"href":"https:\/\/www.sudoestehoje.com.br\/novoportal\/wp-json\/wp\/v2\/posts\/103542\/revisions\/103545"}],"wp:featuredmedia":[{"embeddable":true,"href":"https:\/\/www.sudoestehoje.com.br\/novoportal\/wp-json\/wp\/v2\/media\/103544"}],"wp:attachment":[{"href":"https:\/\/www.sudoestehoje.com.br\/novoportal\/wp-json\/wp\/v2\/media?parent=103542"}],"wp:term":[{"taxonomy":"category","embeddable":true,"href":"https:\/\/www.sudoestehoje.com.br\/novoportal\/wp-json\/wp\/v2\/categories?post=103542"},{"taxonomy":"post_tag","embeddable":true,"href":"https:\/\/www.sudoestehoje.com.br\/novoportal\/wp-json\/wp\/v2\/tags?post=103542"}],"curies":[{"name":"wp","href":"https:\/\/api.w.org\/{rel}","templated":true}]}}