
{"id":103536,"date":"2022-07-20T10:05:14","date_gmt":"2022-07-20T13:05:14","guid":{"rendered":"https:\/\/www.sudoestehoje.com.br\/novoportal\/?p=103536"},"modified":"2022-07-20T10:12:16","modified_gmt":"2022-07-20T13:12:16","slug":"eleicoes-confira-agenda-politica-de-acm-neto-e-caca-leao-na-regiao-sudoeste","status":"publish","type":"post","link":"https:\/\/www.sudoestehoje.com.br\/novoportal\/2022\/07\/20\/eleicoes-confira-agenda-politica-de-acm-neto-e-caca-leao-na-regiao-sudoeste\/","title":{"rendered":"ELEI\u00c7\u00d5ES | CONFIRA AGENDA POL\u00cdTICA DE ACM NETO E CAC\u00c1 LE\u00c3O NA REGI\u00c3O SUDOESTE"},"content":{"rendered":"<p><a href=\"https:\/\/www.sudoestehoje.com.br\/novoportal\/wp-content\/uploads\/2022\/07\/9b391888-1ce1-4048-bd8f-70ae51bd478d-2.jpg\"><img loading=\"lazy\" decoding=\"async\" class=\"aligncenter size-medium wp-image-103537\" src=\"https:\/\/www.sudoestehoje.com.br\/novoportal\/wp-content\/uploads\/2022\/07\/9b391888-1ce1-4048-bd8f-70ae51bd478d-2-500x356.jpg\" alt=\"\" width=\"500\" height=\"356\" srcset=\"https:\/\/www.sudoestehoje.com.br\/novoportal\/wp-content\/uploads\/2022\/07\/9b391888-1ce1-4048-bd8f-70ae51bd478d-2-500x356.jpg 500w, https:\/\/www.sudoestehoje.com.br\/novoportal\/wp-content\/uploads\/2022\/07\/9b391888-1ce1-4048-bd8f-70ae51bd478d-2-700x499.jpg 700w, https:\/\/www.sudoestehoje.com.br\/novoportal\/wp-content\/uploads\/2022\/07\/9b391888-1ce1-4048-bd8f-70ae51bd478d-2-768x547.jpg 768w, https:\/\/www.sudoestehoje.com.br\/novoportal\/wp-content\/uploads\/2022\/07\/9b391888-1ce1-4048-bd8f-70ae51bd478d-2.jpg 800w\" sizes=\"auto, (max-width: 500px) 100vw, 500px\" \/><\/a><\/p>\n<p>Entre os dias 21 a 24 deste m\u00eas de julho, o pr\u00e9-candidato ao governo da Bahia, ACM Neto, e o pr\u00e9-candidato ao senado, Cac\u00e1 Le\u00e3o, t\u00eam agenda confirmada no M\u00e9dio Sudoeste do estado, onde ser\u00e3o recebidos nas cidades de Igua\u00ed, Ibicu\u00ed, Itoror\u00f3, Potiragu\u00e1, Itarantim, Caatiba e Itamb\u00e9. Outras cidades da regi\u00e3o Sudoeste tamb\u00e9m est\u00e3o inclu\u00eddas nas visitas desta semana.<\/p>\n<p>A agenda de ACM Neto e Cac\u00e1 Le\u00e3o foi confirmada nas redes sociais pelo prefeito de Itapetinga, Rodrigo Hagge, um dos coordenadores da campanha na regi\u00e3o. <em>Confira:<\/em><\/p>\n<p><a href=\"https:\/\/www.sudoestehoje.com.br\/novoportal\/wp-content\/uploads\/2022\/07\/WhatsApp-Image-2022-07-20-at-09.50.03.jpeg\"><img loading=\"lazy\" decoding=\"async\" class=\"aligncenter size-medium wp-image-103540\" src=\"https:\/\/www.sudoestehoje.com.br\/novoportal\/wp-content\/uploads\/2022\/07\/WhatsApp-Image-2022-07-20-at-09.50.03-403x700.jpeg\" alt=\"\" width=\"403\" height=\"700\" srcset=\"https:\/\/www.sudoestehoje.com.br\/novoportal\/wp-content\/uploads\/2022\/07\/WhatsApp-Image-2022-07-20-at-09.50.03-403x700.jpeg 403w, https:\/\/www.sudoestehoje.com.br\/novoportal\/wp-content\/uploads\/2022\/07\/WhatsApp-Image-2022-07-20-at-09.50.03-519x900.jpeg 519w, https:\/\/www.sudoestehoje.com.br\/novoportal\/wp-content\/uploads\/2022\/07\/WhatsApp-Image-2022-07-20-at-09.50.03-768x1333.jpeg 768w, https:\/\/www.sudoestehoje.com.br\/novoportal\/wp-content\/uploads\/2022\/07\/WhatsApp-Image-2022-07-20-at-09.50.03-885x1536.jpeg 885w, https:\/\/www.sudoestehoje.com.br\/novoportal\/wp-content\/uploads\/2022\/07\/WhatsApp-Image-2022-07-20-at-09.50.03.jpeg 922w\" sizes=\"auto, (max-width: 403px) 100vw, 403px\" \/><\/a><\/p>\n<p><strong><em>Por Davi Ferraz<\/em><\/strong><\/p>\n","protected":false},"excerpt":{"rendered":"<p>Entre os dias 21 a 24 deste m\u00eas de julho, o pr\u00e9-candidato ao governo da Bahia, ACM Neto, e o pr\u00e9-candidato ao senado, Cac\u00e1 Le\u00e3o, t\u00eam agenda confirmada no M\u00e9dio Sudoeste do estado, onde ser\u00e3o recebidos nas cidades de Igua\u00ed, Ibicu\u00ed, Itoror\u00f3, Potiragu\u00e1, Itarantim, Caatiba e Itamb\u00e9. Outras cidades da regi\u00e3o Sudoeste tamb\u00e9m est\u00e3o inclu\u00eddas [&hellip;]<\/p>\n","protected":false},"author":2,"featured_media":103537,"comment_status":"open","ping_status":"open","sticky":false,"template":"","format":"standard","meta":{"footnotes":"","_links_to":"","_links_to_target":""},"categories":[1],"tags":[],"class_list":["post-103536","post","type-post","status-publish","format-standard","has-post-thumbnail","hentry","category-geral"],"views":779,"_links":{"self":[{"href":"https:\/\/www.sudoestehoje.com.br\/novoportal\/wp-json\/wp\/v2\/posts\/103536","targetHints":{"allow":["GET"]}}],"collection":[{"href":"https:\/\/www.sudoestehoje.com.br\/novoportal\/wp-json\/wp\/v2\/posts"}],"about":[{"href":"https:\/\/www.sudoestehoje.com.br\/novoportal\/wp-json\/wp\/v2\/types\/post"}],"author":[{"embeddable":true,"href":"https:\/\/www.sudoestehoje.com.br\/novoportal\/wp-json\/wp\/v2\/users\/2"}],"replies":[{"embeddable":true,"href":"https:\/\/www.sudoestehoje.com.br\/novoportal\/wp-json\/wp\/v2\/comments?post=103536"}],"version-history":[{"count":3,"href":"https:\/\/www.sudoestehoje.com.br\/novoportal\/wp-json\/wp\/v2\/posts\/103536\/revisions"}],"predecessor-version":[{"id":103541,"href":"https:\/\/www.sudoestehoje.com.br\/novoportal\/wp-json\/wp\/v2\/posts\/103536\/revisions\/103541"}],"wp:featuredmedia":[{"embeddable":true,"href":"https:\/\/www.sudoestehoje.com.br\/novoportal\/wp-json\/wp\/v2\/media\/103537"}],"wp:attachment":[{"href":"https:\/\/www.sudoestehoje.com.br\/novoportal\/wp-json\/wp\/v2\/media?parent=103536"}],"wp:term":[{"taxonomy":"category","embeddable":true,"href":"https:\/\/www.sudoestehoje.com.br\/novoportal\/wp-json\/wp\/v2\/categories?post=103536"},{"taxonomy":"post_tag","embeddable":true,"href":"https:\/\/www.sudoestehoje.com.br\/novoportal\/wp-json\/wp\/v2\/tags?post=103536"}],"curies":[{"name":"wp","href":"https:\/\/api.w.org\/{rel}","templated":true}]}}