
{"id":103527,"date":"2022-07-19T11:08:32","date_gmt":"2022-07-19T14:08:32","guid":{"rendered":"https:\/\/www.sudoestehoje.com.br\/novoportal\/?p=103527"},"modified":"2022-07-19T11:08:59","modified_gmt":"2022-07-19T14:08:59","slug":"nova-pesquisa-seculos-indica-vitoria-de-acm-neto-no-primeiro-turno-com-61","status":"publish","type":"post","link":"https:\/\/www.sudoestehoje.com.br\/novoportal\/2022\/07\/19\/nova-pesquisa-seculos-indica-vitoria-de-acm-neto-no-primeiro-turno-com-61\/","title":{"rendered":"NOVA PESQUISA S\u00c9CULOS INDICA VIT\u00d3RIA DE ACM NETO NO PRIMEIRO TURNO COM 61% DOS VOTOS"},"content":{"rendered":"<p><a href=\"https:\/\/www.sudoestehoje.com.br\/novoportal\/wp-content\/uploads\/2022\/07\/ACM-Neto-Divulgacao.jpg\"><img loading=\"lazy\" decoding=\"async\" class=\"aligncenter size-medium wp-image-103529\" src=\"https:\/\/www.sudoestehoje.com.br\/novoportal\/wp-content\/uploads\/2022\/07\/ACM-Neto-Divulgacao-500x334.jpg\" alt=\"\" width=\"500\" height=\"334\" srcset=\"https:\/\/www.sudoestehoje.com.br\/novoportal\/wp-content\/uploads\/2022\/07\/ACM-Neto-Divulgacao-500x334.jpg 500w, https:\/\/www.sudoestehoje.com.br\/novoportal\/wp-content\/uploads\/2022\/07\/ACM-Neto-Divulgacao.jpg 640w\" sizes=\"auto, (max-width: 500px) 100vw, 500px\" \/><\/a><\/p>\n<p>O instituto S\u00e9culos divulgou nesta ter\u00e7a-feira mais uma pesquisa para a sucess\u00e3o estadual. Segundo o levantamento, o pr\u00e9-candidato ACM Neto (Uni\u00e3o) venceria o pleito no primeiro turno. No cen\u00e1rio estimulado (quando s\u00e3o apresentados ao eleitor os nomes dos concorrentes), o ex-prefeito aparece com <strong>61,60%<\/strong> das inten\u00e7\u00f5es de voto, contra<strong> 11,73%<\/strong> do ex-secret\u00e1rio de Educa\u00e7\u00e3o Jer\u00f4nimo Rodrigues (PT) e 7,54% do deputado federal Jo\u00e3o Roma (PL). Os professores Kleber Rosa (PSOL) e Giovani Damico (PCB) figuram com 0,98% e 0,39%, respectivamente. Votos nulos somam 7,27% e n\u00e3o sabem ou n\u00e3o opinaram 10,48%.<\/p>\n<p>No segundo cen\u00e1rio estimulado, quando os nomes de Jer\u00f4nimo Rodrigues e Jo\u00e3o Roma s\u00e3o associados com os respectivos apoiadores, o ex-prefeito, como candidato independente, tem 54,06%. O segundo colocado \u00e9 o ex-secret\u00e1rio, com 20,45% e o apoio do senador Jaques Wagner (PT), do governador Rui Costa (PT) e do ex-presidente Lula (PT). O ex-ministro, por sua vez, aparece em terceiro, com 9,85% e o apoio do presidente Jair Bolsonaro (PL).<\/p>\n<p>Na pesquisa espont\u00e2nea (quando o eleitor diz em quem vai votar sem ser apresentado os nomes dos pr\u00e9-candidatos), ACM Neto segue na frente, com 39,25%. Jer\u00f4nimo Rodrigues tem 7,54%, seguido de Jo\u00e3o Roma, com 6,03%, do governador Rui Costa (PT), com 1,64%, Kleber Rosa, com 0,39%, e Damico, com 0,26%. N\u00e3o sabem ou n\u00e3o opinaram 42,27% dos entrevistados, enquanto 2,62% declararam voto nulo.<\/p>\n<p>Na disputa para o Senado, Otto Alencar (PSD), que concorre \u00e0 reelei\u00e7\u00e3o, lidera com 28,51%. Em seguida aparece o deputado federal Cac\u00e1 Le\u00e3o (PP), com 12,45%. A m\u00e9dica Ra\u00edssa Soares (PL) pontua 9,24% e T\u00e2mara Azevedo (PSOL), com 3,08%. Declararam n\u00e3o votar em nenhum postulante ou nulo 13,76% e n\u00e3o sabem ou n\u00e3o opinaram, 32,96%.<\/p>\n<p>A pesquisa perguntou ainda em qual pr\u00e9-candidato \u00e0 Presid\u00eancia o eleitor baiano votar\u00e1. Lula lidera com 57,01% contra 23,26% de Bolsonaro. O pedetista Ciro Gomes aparece na terceira posi\u00e7\u00e3o, com 6,55%. Em seguida est\u00e3o Andr\u00e9 Janones, com 1,31%; Simone Tebet, com 1,11%; Luciano Bivar, com 0,46%; Pablo Mar\u00e7al, com 0,26%; Vera L\u00facia, com 0,26%; Felipe D`\u00c1vila, com 0,20%; Leonardo P\u00e9ricles, com 0,20%; Sofia Manzano, com 0,20%; e Eymael, com 0,13%.<\/p>\n<p>O instituto entrevistou, entre os dias 11 e 15 de julho, 1.526 pessoas com 16 anos ou mais de forma presencial, em 72 munic\u00edpios baianos. A margem de erro da amostragem \u00e9 de 2,5%, para mais ou para menos, com intervalo de confian\u00e7a de 95%. O levantamento est\u00e1 registrado no Tribunal Superior Eleitoral (TSE) sob n\u00ba BA-07852\/2022.<\/p>\n","protected":false},"excerpt":{"rendered":"<p>O instituto S\u00e9culos divulgou nesta ter\u00e7a-feira mais uma pesquisa para a sucess\u00e3o estadual. Segundo o levantamento, o pr\u00e9-candidato ACM Neto (Uni\u00e3o) venceria o pleito no primeiro turno. No cen\u00e1rio estimulado (quando s\u00e3o apresentados ao eleitor os nomes dos concorrentes), o ex-prefeito aparece com 61,60% das inten\u00e7\u00f5es de voto, contra 11,73% do ex-secret\u00e1rio de Educa\u00e7\u00e3o Jer\u00f4nimo [&hellip;]<\/p>\n","protected":false},"author":2,"featured_media":103529,"comment_status":"open","ping_status":"open","sticky":false,"template":"","format":"standard","meta":{"footnotes":"","_links_to":"","_links_to_target":""},"categories":[1],"tags":[],"class_list":["post-103527","post","type-post","status-publish","format-standard","has-post-thumbnail","hentry","category-geral"],"views":875,"_links":{"self":[{"href":"https:\/\/www.sudoestehoje.com.br\/novoportal\/wp-json\/wp\/v2\/posts\/103527","targetHints":{"allow":["GET"]}}],"collection":[{"href":"https:\/\/www.sudoestehoje.com.br\/novoportal\/wp-json\/wp\/v2\/posts"}],"about":[{"href":"https:\/\/www.sudoestehoje.com.br\/novoportal\/wp-json\/wp\/v2\/types\/post"}],"author":[{"embeddable":true,"href":"https:\/\/www.sudoestehoje.com.br\/novoportal\/wp-json\/wp\/v2\/users\/2"}],"replies":[{"embeddable":true,"href":"https:\/\/www.sudoestehoje.com.br\/novoportal\/wp-json\/wp\/v2\/comments?post=103527"}],"version-history":[{"count":5,"href":"https:\/\/www.sudoestehoje.com.br\/novoportal\/wp-json\/wp\/v2\/posts\/103527\/revisions"}],"predecessor-version":[{"id":103532,"href":"https:\/\/www.sudoestehoje.com.br\/novoportal\/wp-json\/wp\/v2\/posts\/103527\/revisions\/103532"}],"wp:featuredmedia":[{"embeddable":true,"href":"https:\/\/www.sudoestehoje.com.br\/novoportal\/wp-json\/wp\/v2\/media\/103529"}],"wp:attachment":[{"href":"https:\/\/www.sudoestehoje.com.br\/novoportal\/wp-json\/wp\/v2\/media?parent=103527"}],"wp:term":[{"taxonomy":"category","embeddable":true,"href":"https:\/\/www.sudoestehoje.com.br\/novoportal\/wp-json\/wp\/v2\/categories?post=103527"},{"taxonomy":"post_tag","embeddable":true,"href":"https:\/\/www.sudoestehoje.com.br\/novoportal\/wp-json\/wp\/v2\/tags?post=103527"}],"curies":[{"name":"wp","href":"https:\/\/api.w.org\/{rel}","templated":true}]}}