
{"id":103491,"date":"2022-07-18T16:39:55","date_gmt":"2022-07-18T19:39:55","guid":{"rendered":"https:\/\/www.sudoestehoje.com.br\/novoportal\/?p=103491"},"modified":"2022-07-18T16:48:15","modified_gmt":"2022-07-18T19:48:15","slug":"itororo-urgente-ex-prefeito-adauto-e-vice-marcilia-fecham-com-acm-neto-via-rodrigo","status":"publish","type":"post","link":"https:\/\/www.sudoestehoje.com.br\/novoportal\/2022\/07\/18\/itororo-urgente-ex-prefeito-adauto-e-vice-marcilia-fecham-com-acm-neto-via-rodrigo\/","title":{"rendered":"ITOROR\u00d3 URGENTE! | EX-PREFEITO ADAUTO E VICE MARC\u00cdLIA FECHAM COM ACM NETO VIA RODRIGO"},"content":{"rendered":"<p><a href=\"https:\/\/www.sudoestehoje.com.br\/novoportal\/wp-content\/uploads\/2022\/07\/WhatsApp-Image-2022-07-18-at-16.38.26.jpeg\"><img loading=\"lazy\" decoding=\"async\" class=\"aligncenter size-medium wp-image-103494\" src=\"https:\/\/www.sudoestehoje.com.br\/novoportal\/wp-content\/uploads\/2022\/07\/WhatsApp-Image-2022-07-18-at-16.38.26-500x500.jpeg\" alt=\"\" width=\"500\" height=\"500\" srcset=\"https:\/\/www.sudoestehoje.com.br\/novoportal\/wp-content\/uploads\/2022\/07\/WhatsApp-Image-2022-07-18-at-16.38.26-500x500.jpeg 500w, https:\/\/www.sudoestehoje.com.br\/novoportal\/wp-content\/uploads\/2022\/07\/WhatsApp-Image-2022-07-18-at-16.38.26-700x700.jpeg 700w, https:\/\/www.sudoestehoje.com.br\/novoportal\/wp-content\/uploads\/2022\/07\/WhatsApp-Image-2022-07-18-at-16.38.26-150x150.jpeg 150w, https:\/\/www.sudoestehoje.com.br\/novoportal\/wp-content\/uploads\/2022\/07\/WhatsApp-Image-2022-07-18-at-16.38.26-768x768.jpeg 768w, https:\/\/www.sudoestehoje.com.br\/novoportal\/wp-content\/uploads\/2022\/07\/WhatsApp-Image-2022-07-18-at-16.38.26.jpeg 1200w\" sizes=\"auto, (max-width: 500px) 100vw, 500px\" \/><\/a><\/p>\n<p>Acompanhados do prefeito de Itapetinga, Rodrigo Hagge (MDB) e do deputado federal Ronaldo Carleto (PP), o ex-prefeito de Itoror\u00f3, <strong>Adalto Almeida<\/strong> e a atual <strong>vice-prefeita Marc\u00edlia<\/strong>, se reuniram com o pr\u00e9-candidato a governador <strong>ACM Neto<\/strong>, fechando apoio total \u00e0 sua candidatura na &#8216;Terra da Carne do Sol&#8217;.<\/p>\n<p>A decis\u00e3o de Adauto e Marc\u00edlia isola o atual prefeito Paulo Rios , que preferiu continuar com o governo petista, ao lado de Rosemberg Pinto (PT), que est\u00e1 uma verdadeira<strong> &#8216;arara<\/strong>&#8216; com o novo posicionamento de Adauto, que det\u00e9m a maior for\u00e7a pol\u00edtica no munic\u00edpio.<\/p>\n<p>A avalia\u00e7\u00e3o nos meios pol\u00edticos em Salvador \u00e9 de que a sa\u00edda de Adauto e Marc\u00edlia p\u00f5e em cheque o prest\u00edgio e a t\u00e3o alardeada &#8220;for\u00e7a pol\u00edtica&#8221; de Rosemberg na regi\u00e3o.<\/p>\n<p>A porteira foi aberta&#8230;<\/p>\n<p><strong><em>Por Davi Ferraz<\/em><\/strong><\/p>\n","protected":false},"excerpt":{"rendered":"<p>Acompanhados do prefeito de Itapetinga, Rodrigo Hagge (MDB) e do deputado federal Ronaldo Carleto (PP), o ex-prefeito de Itoror\u00f3, Adalto Almeida e a atual vice-prefeita Marc\u00edlia, se reuniram com o pr\u00e9-candidato a governador ACM Neto, fechando apoio total \u00e0 sua candidatura na &#8216;Terra da Carne do Sol&#8217;. A decis\u00e3o de Adauto e Marc\u00edlia isola o [&hellip;]<\/p>\n","protected":false},"author":2,"featured_media":103494,"comment_status":"open","ping_status":"open","sticky":false,"template":"","format":"standard","meta":{"footnotes":"","_links_to":"","_links_to_target":""},"categories":[1],"tags":[],"class_list":["post-103491","post","type-post","status-publish","format-standard","has-post-thumbnail","hentry","category-geral"],"views":1988,"_links":{"self":[{"href":"https:\/\/www.sudoestehoje.com.br\/novoportal\/wp-json\/wp\/v2\/posts\/103491","targetHints":{"allow":["GET"]}}],"collection":[{"href":"https:\/\/www.sudoestehoje.com.br\/novoportal\/wp-json\/wp\/v2\/posts"}],"about":[{"href":"https:\/\/www.sudoestehoje.com.br\/novoportal\/wp-json\/wp\/v2\/types\/post"}],"author":[{"embeddable":true,"href":"https:\/\/www.sudoestehoje.com.br\/novoportal\/wp-json\/wp\/v2\/users\/2"}],"replies":[{"embeddable":true,"href":"https:\/\/www.sudoestehoje.com.br\/novoportal\/wp-json\/wp\/v2\/comments?post=103491"}],"version-history":[{"count":5,"href":"https:\/\/www.sudoestehoje.com.br\/novoportal\/wp-json\/wp\/v2\/posts\/103491\/revisions"}],"predecessor-version":[{"id":103497,"href":"https:\/\/www.sudoestehoje.com.br\/novoportal\/wp-json\/wp\/v2\/posts\/103491\/revisions\/103497"}],"wp:featuredmedia":[{"embeddable":true,"href":"https:\/\/www.sudoestehoje.com.br\/novoportal\/wp-json\/wp\/v2\/media\/103494"}],"wp:attachment":[{"href":"https:\/\/www.sudoestehoje.com.br\/novoportal\/wp-json\/wp\/v2\/media?parent=103491"}],"wp:term":[{"taxonomy":"category","embeddable":true,"href":"https:\/\/www.sudoestehoje.com.br\/novoportal\/wp-json\/wp\/v2\/categories?post=103491"},{"taxonomy":"post_tag","embeddable":true,"href":"https:\/\/www.sudoestehoje.com.br\/novoportal\/wp-json\/wp\/v2\/tags?post=103491"}],"curies":[{"name":"wp","href":"https:\/\/api.w.org\/{rel}","templated":true}]}}