
{"id":103479,"date":"2022-07-17T21:20:45","date_gmt":"2022-07-18T00:20:45","guid":{"rendered":"https:\/\/www.sudoestehoje.com.br\/novoportal\/?p=103479"},"modified":"2022-07-17T21:27:23","modified_gmt":"2022-07-18T00:27:23","slug":"sao-pedro-de-bandeira-do-colonia-encerra-festejos-juninos-em-itapetinga","status":"publish","type":"post","link":"https:\/\/www.sudoestehoje.com.br\/novoportal\/2022\/07\/17\/sao-pedro-de-bandeira-do-colonia-encerra-festejos-juninos-em-itapetinga\/","title":{"rendered":"S\u00c3O PEDRO DE BANDEIRA DO COL\u00d4NIA ENCERRA FESTEJOS JUNINOS EM ITAPETINGA"},"content":{"rendered":"<p><a href=\"https:\/\/www.sudoestehoje.com.br\/novoportal\/wp-content\/uploads\/2022\/07\/WhatsApp-Image-2022-07-17-at-19.32.08.jpeg\"><img loading=\"lazy\" decoding=\"async\" class=\"aligncenter size-medium wp-image-103483\" src=\"https:\/\/www.sudoestehoje.com.br\/novoportal\/wp-content\/uploads\/2022\/07\/WhatsApp-Image-2022-07-17-at-19.32.08-500x334.jpeg\" alt=\"\" width=\"500\" height=\"334\" srcset=\"https:\/\/www.sudoestehoje.com.br\/novoportal\/wp-content\/uploads\/2022\/07\/WhatsApp-Image-2022-07-17-at-19.32.08-500x334.jpeg 500w, https:\/\/www.sudoestehoje.com.br\/novoportal\/wp-content\/uploads\/2022\/07\/WhatsApp-Image-2022-07-17-at-19.32.08-700x467.jpeg 700w, https:\/\/www.sudoestehoje.com.br\/novoportal\/wp-content\/uploads\/2022\/07\/WhatsApp-Image-2022-07-17-at-19.32.08-768x512.jpeg 768w, https:\/\/www.sudoestehoje.com.br\/novoportal\/wp-content\/uploads\/2022\/07\/WhatsApp-Image-2022-07-17-at-19.32.08.jpeg 1280w\" sizes=\"auto, (max-width: 500px) 100vw, 500px\" \/><\/a><\/p>\n<p>Neste final de semana a prefeitura de Itapetinga encerrou, oficialmente, as comemora\u00e7\u00f5es aos santos mais festeiros do Brasil. O forr\u00f3 animou as ruas de Bandeira do Col\u00f4nia.<\/p>\n<p>Nesta sexta-feira, 15, teve muito arrasta-p\u00e9 no distrito. A quadrilha Xenhenh\u00e9m Nordestino, do Col\u00e9gio Dona Geni, abriu o evento com muito ritmo, cor e dan\u00e7a. Os passos marcados e a anima\u00e7\u00e3o do grupo deram o tom do que ainda estaria por vir.<\/p>\n<p><a href=\"https:\/\/www.sudoestehoje.com.br\/novoportal\/wp-content\/uploads\/2022\/07\/WhatsApp-Image-2022-07-17-at-19.32.0812-990x660-1.jpeg\"><img loading=\"lazy\" decoding=\"async\" class=\"aligncenter size-medium wp-image-103489\" src=\"https:\/\/www.sudoestehoje.com.br\/novoportal\/wp-content\/uploads\/2022\/07\/WhatsApp-Image-2022-07-17-at-19.32.0812-990x660-1-500x333.jpeg\" alt=\"\" width=\"500\" height=\"333\" srcset=\"https:\/\/www.sudoestehoje.com.br\/novoportal\/wp-content\/uploads\/2022\/07\/WhatsApp-Image-2022-07-17-at-19.32.0812-990x660-1-500x333.jpeg 500w, https:\/\/www.sudoestehoje.com.br\/novoportal\/wp-content\/uploads\/2022\/07\/WhatsApp-Image-2022-07-17-at-19.32.0812-990x660-1-700x467.jpeg 700w, https:\/\/www.sudoestehoje.com.br\/novoportal\/wp-content\/uploads\/2022\/07\/WhatsApp-Image-2022-07-17-at-19.32.0812-990x660-1-768x512.jpeg 768w, https:\/\/www.sudoestehoje.com.br\/novoportal\/wp-content\/uploads\/2022\/07\/WhatsApp-Image-2022-07-17-at-19.32.0812-990x660-1.jpeg 990w\" sizes=\"auto, (max-width: 500px) 100vw, 500px\" \/><\/a><\/p>\n<p>No palco, Antonio Lago abriu o S\u00e3o Pedro de Bandeira. Em seguida Gel Bahia continuou a festa com anima\u00e7\u00e3o em alta. Pipoco do Trov\u00e3o chegou com o que chama de \u201cforr\u00f3 do parad\u00e3o\u2019\u2019 e fez moradores e visitantes dan\u00e7arem. J\u00e1 passava da meia noite quando a banda Trio da Huanna subiu ao palco com a energia j\u00e1 vivida no S\u00e3o Jo\u00e3o de Itapetinga. O cantor Luizinho fez todo mundo sair do ch\u00e3o e cantar alto os maiores sucessos da banda. Coube ao cantor Marcelo Sousa levar a anima\u00e7\u00e3o e segurar o p\u00fablico at\u00e9 o final do primeiro dia de festa de Bandeira do Col\u00f4nia.<\/p>\n<p><a href=\"https:\/\/www.sudoestehoje.com.br\/novoportal\/wp-content\/uploads\/2022\/07\/WhatsApp-Image-2022-07-17-at-19.32.0811.jpeg\"><img loading=\"lazy\" decoding=\"async\" class=\"aligncenter size-medium wp-image-103486\" src=\"https:\/\/www.sudoestehoje.com.br\/novoportal\/wp-content\/uploads\/2022\/07\/WhatsApp-Image-2022-07-17-at-19.32.0811-500x333.jpeg\" alt=\"\" width=\"500\" height=\"333\" srcset=\"https:\/\/www.sudoestehoje.com.br\/novoportal\/wp-content\/uploads\/2022\/07\/WhatsApp-Image-2022-07-17-at-19.32.0811-500x333.jpeg 500w, https:\/\/www.sudoestehoje.com.br\/novoportal\/wp-content\/uploads\/2022\/07\/WhatsApp-Image-2022-07-17-at-19.32.0811-700x466.jpeg 700w, https:\/\/www.sudoestehoje.com.br\/novoportal\/wp-content\/uploads\/2022\/07\/WhatsApp-Image-2022-07-17-at-19.32.0811-768x512.jpeg 768w, https:\/\/www.sudoestehoje.com.br\/novoportal\/wp-content\/uploads\/2022\/07\/WhatsApp-Image-2022-07-17-at-19.32.0811.jpeg 1280w\" sizes=\"auto, (max-width: 500px) 100vw, 500px\" \/><\/a><\/p>\n<p>No s\u00e1bado, a quadrilha Girassol abriu a festa. O S\u00e3o Pedro continuou com Marcos Reis e aqueles que foram sucesso absoluto no Parque da Lagoa: Ot\u00e1vio Mateus, trouxe \u00e0 pra\u00e7a os maiores hits do momento. A popula\u00e7\u00e3o de Bandeira e visitantes cantaram junto todos os sucessos do repert\u00f3rio. Edu e Maraial vieram com o tradicional sertanejo, junto com muito forr\u00f3 e uma pitada de piseiro e das m\u00fasicas que animam as dancinhas de aplicativos como o Tik Tok. J\u00e1 passava das 3h da manh\u00e3 quando Peu do Acordeon chegou com muito forr\u00f3 para encerrar a festa fazendo todo mundo dan\u00e7ar agarradinho.<\/p>\n\n\t\t<style type=\"text\/css\">\n\t\t\t#gallery-1 {\n\t\t\t\tmargin: auto;\n\t\t\t}\n\t\t\t#gallery-1 .gallery-item {\n\t\t\t\tfloat: left;\n\t\t\t\tmargin-top: 10px;\n\t\t\t\ttext-align: center;\n\t\t\t\twidth: 25%;\n\t\t\t}\n\t\t\t#gallery-1 img {\n\t\t\t\tborder: 2px solid #cfcfcf;\n\t\t\t}\n\t\t\t#gallery-1 .gallery-caption {\n\t\t\t\tmargin-left: 0;\n\t\t\t}\n\t\t\t\/* see gallery_shortcode() in wp-includes\/media.php *\/\n\t\t<\/style>\n\t\t<div id='gallery-1' class='gallery galleryid-103479 gallery-columns-4 gallery-size-thumbnail'><dl class='gallery-item'>\n\t\t\t<dt class='gallery-icon landscape'>\n\t\t\t\t<a href='https:\/\/www.sudoestehoje.com.br\/novoportal\/2022\/07\/17\/sao-pedro-de-bandeira-do-colonia-encerra-festejos-juninos-em-itapetinga\/whatsapp-image-2022-07-17-at-19-32-084\/'><img loading=\"lazy\" decoding=\"async\" width=\"150\" height=\"150\" src=\"https:\/\/www.sudoestehoje.com.br\/novoportal\/wp-content\/uploads\/2022\/07\/WhatsApp-Image-2022-07-17-at-19.32.084-150x150.jpeg\" class=\"attachment-thumbnail size-thumbnail\" alt=\"\" \/><\/a>\n\t\t\t<\/dt><\/dl><dl class='gallery-item'>\n\t\t\t<dt class='gallery-icon landscape'>\n\t\t\t\t<a href='https:\/\/www.sudoestehoje.com.br\/novoportal\/2022\/07\/17\/sao-pedro-de-bandeira-do-colonia-encerra-festejos-juninos-em-itapetinga\/whatsapp-image-2022-07-17-at-19-32-0813\/'><img loading=\"lazy\" decoding=\"async\" width=\"150\" height=\"150\" src=\"https:\/\/www.sudoestehoje.com.br\/novoportal\/wp-content\/uploads\/2022\/07\/WhatsApp-Image-2022-07-17-at-19.32.0813-150x150.jpeg\" class=\"attachment-thumbnail size-thumbnail\" alt=\"\" \/><\/a>\n\t\t\t<\/dt><\/dl><dl class='gallery-item'>\n\t\t\t<dt class='gallery-icon landscape'>\n\t\t\t\t<a href='https:\/\/www.sudoestehoje.com.br\/novoportal\/2022\/07\/17\/sao-pedro-de-bandeira-do-colonia-encerra-festejos-juninos-em-itapetinga\/whatsapp-image-2022-07-17-at-19-32-0812-990x660\/'><img loading=\"lazy\" decoding=\"async\" width=\"150\" height=\"150\" src=\"https:\/\/www.sudoestehoje.com.br\/novoportal\/wp-content\/uploads\/2022\/07\/WhatsApp-Image-2022-07-17-at-19.32.0812-990x660-1-150x150.jpeg\" class=\"attachment-thumbnail size-thumbnail\" alt=\"\" \/><\/a>\n\t\t\t<\/dt><\/dl><dl class='gallery-item'>\n\t\t\t<dt class='gallery-icon landscape'>\n\t\t\t\t<a href='https:\/\/www.sudoestehoje.com.br\/novoportal\/2022\/07\/17\/sao-pedro-de-bandeira-do-colonia-encerra-festejos-juninos-em-itapetinga\/whatsapp-image-2022-07-17-at-19-32-085\/'><img loading=\"lazy\" decoding=\"async\" width=\"150\" height=\"150\" src=\"https:\/\/www.sudoestehoje.com.br\/novoportal\/wp-content\/uploads\/2022\/07\/WhatsApp-Image-2022-07-17-at-19.32.085-150x150.jpeg\" class=\"attachment-thumbnail size-thumbnail\" alt=\"\" \/><\/a>\n\t\t\t<\/dt><\/dl><br style=\"clear: both\" \/>\n\t\t<\/div>\n\n","protected":false},"excerpt":{"rendered":"<p>Neste final de semana a prefeitura de Itapetinga encerrou, oficialmente, as comemora\u00e7\u00f5es aos santos mais festeiros do Brasil. O forr\u00f3 animou as ruas de Bandeira do Col\u00f4nia. Nesta sexta-feira, 15, teve muito arrasta-p\u00e9 no distrito. A quadrilha Xenhenh\u00e9m Nordestino, do Col\u00e9gio Dona Geni, abriu o evento com muito ritmo, cor e dan\u00e7a. Os passos marcados [&hellip;]<\/p>\n","protected":false},"author":2,"featured_media":103483,"comment_status":"open","ping_status":"open","sticky":false,"template":"","format":"standard","meta":{"footnotes":"","_links_to":"","_links_to_target":""},"categories":[1],"tags":[],"class_list":["post-103479","post","type-post","status-publish","format-standard","has-post-thumbnail","hentry","category-geral"],"views":873,"_links":{"self":[{"href":"https:\/\/www.sudoestehoje.com.br\/novoportal\/wp-json\/wp\/v2\/posts\/103479","targetHints":{"allow":["GET"]}}],"collection":[{"href":"https:\/\/www.sudoestehoje.com.br\/novoportal\/wp-json\/wp\/v2\/posts"}],"about":[{"href":"https:\/\/www.sudoestehoje.com.br\/novoportal\/wp-json\/wp\/v2\/types\/post"}],"author":[{"embeddable":true,"href":"https:\/\/www.sudoestehoje.com.br\/novoportal\/wp-json\/wp\/v2\/users\/2"}],"replies":[{"embeddable":true,"href":"https:\/\/www.sudoestehoje.com.br\/novoportal\/wp-json\/wp\/v2\/comments?post=103479"}],"version-history":[{"count":5,"href":"https:\/\/www.sudoestehoje.com.br\/novoportal\/wp-json\/wp\/v2\/posts\/103479\/revisions"}],"predecessor-version":[{"id":103490,"href":"https:\/\/www.sudoestehoje.com.br\/novoportal\/wp-json\/wp\/v2\/posts\/103479\/revisions\/103490"}],"wp:featuredmedia":[{"embeddable":true,"href":"https:\/\/www.sudoestehoje.com.br\/novoportal\/wp-json\/wp\/v2\/media\/103483"}],"wp:attachment":[{"href":"https:\/\/www.sudoestehoje.com.br\/novoportal\/wp-json\/wp\/v2\/media?parent=103479"}],"wp:term":[{"taxonomy":"category","embeddable":true,"href":"https:\/\/www.sudoestehoje.com.br\/novoportal\/wp-json\/wp\/v2\/categories?post=103479"},{"taxonomy":"post_tag","embeddable":true,"href":"https:\/\/www.sudoestehoje.com.br\/novoportal\/wp-json\/wp\/v2\/tags?post=103479"}],"curies":[{"name":"wp","href":"https:\/\/api.w.org\/{rel}","templated":true}]}}