
{"id":103473,"date":"2022-07-17T20:59:16","date_gmt":"2022-07-17T23:59:16","guid":{"rendered":"https:\/\/www.sudoestehoje.com.br\/novoportal\/?p=103473"},"modified":"2022-07-17T21:13:05","modified_gmt":"2022-07-18T00:13:05","slug":"pt-planeja-convencao-protocolar-sem-lula","status":"publish","type":"post","link":"https:\/\/www.sudoestehoje.com.br\/novoportal\/2022\/07\/17\/pt-planeja-convencao-protocolar-sem-lula\/","title":{"rendered":"PT PLANEJA CONVEN\u00c7\u00c3O PROTOCOLAR SEM LULA"},"content":{"rendered":"<p><a href=\"https:\/\/www.sudoestehoje.com.br\/novoportal\/wp-content\/uploads\/2022\/07\/Lula-Salvador-Wish-PT-executiva.jpeg\"><img loading=\"lazy\" decoding=\"async\" class=\"aligncenter size-medium wp-image-103475\" src=\"https:\/\/www.sudoestehoje.com.br\/novoportal\/wp-content\/uploads\/2022\/07\/Lula-Salvador-Wish-PT-executiva-500x350.jpeg\" alt=\"\" width=\"500\" height=\"350\" srcset=\"https:\/\/www.sudoestehoje.com.br\/novoportal\/wp-content\/uploads\/2022\/07\/Lula-Salvador-Wish-PT-executiva-500x350.jpeg 500w, https:\/\/www.sudoestehoje.com.br\/novoportal\/wp-content\/uploads\/2022\/07\/Lula-Salvador-Wish-PT-executiva.jpeg 600w\" sizes=\"auto, (max-width: 500px) 100vw, 500px\" \/><\/a><\/p>\n<p>O Partido dos Trabalhadores (PT) pretende realizar uma conven\u00e7\u00e3o partid\u00e1ria protocolar. O ex-presidente Luiz In\u00e1cio Lula da Silva n\u00e3o deve estar presente no evento, que confirmar\u00e1 a escolha da legenda por sua candidatura, segundo a assessoria do petista.<\/p>\n<p>De acordo com a CNN, a conven\u00e7\u00e3o, que est\u00e1 marcada para o dia 21 de julho, vai acontecer em S\u00e3o Paulo. No mesmo dia, Lula estar\u00e1 cumprindo agenda no Nordeste.<\/p>\n<p>A legisla\u00e7\u00e3o determina que os partidos se re\u00fanam em conven\u00e7\u00e3o para decis\u00f5es sobre os nomes dos partidos que ser\u00e3o candidatos a cargos eletivos, caso da disputa \u00e0 presid\u00eancia da Rep\u00fablica.<\/p>\n<p>Os encontros precisam acontecer entre 20 de julho e 5 de agosto do ano eleitoral.<\/p>\n<p>No dia da conven\u00e7\u00e3o do PT, portanto, Lula estar\u00e1 fechando a agenda no seu estado de origem, em evento na capital, Recife.<\/p>\n<p>Uma reuni\u00e3o entre Lula, Alckmin e lideran\u00e7as dos partidos aliados, deve ocorrer na conven\u00e7\u00e3o do PSB, em Bras\u00edlia, em 29 de julho.<\/p>\n","protected":false},"excerpt":{"rendered":"<p>O Partido dos Trabalhadores (PT) pretende realizar uma conven\u00e7\u00e3o partid\u00e1ria protocolar. O ex-presidente Luiz In\u00e1cio Lula da Silva n\u00e3o deve estar presente no evento, que confirmar\u00e1 a escolha da legenda por sua candidatura, segundo a assessoria do petista. De acordo com a CNN, a conven\u00e7\u00e3o, que est\u00e1 marcada para o dia 21 de julho, vai [&hellip;]<\/p>\n","protected":false},"author":2,"featured_media":103475,"comment_status":"open","ping_status":"open","sticky":false,"template":"","format":"standard","meta":{"footnotes":"","_links_to":"","_links_to_target":""},"categories":[1],"tags":[],"class_list":["post-103473","post","type-post","status-publish","format-standard","has-post-thumbnail","hentry","category-geral"],"views":732,"_links":{"self":[{"href":"https:\/\/www.sudoestehoje.com.br\/novoportal\/wp-json\/wp\/v2\/posts\/103473","targetHints":{"allow":["GET"]}}],"collection":[{"href":"https:\/\/www.sudoestehoje.com.br\/novoportal\/wp-json\/wp\/v2\/posts"}],"about":[{"href":"https:\/\/www.sudoestehoje.com.br\/novoportal\/wp-json\/wp\/v2\/types\/post"}],"author":[{"embeddable":true,"href":"https:\/\/www.sudoestehoje.com.br\/novoportal\/wp-json\/wp\/v2\/users\/2"}],"replies":[{"embeddable":true,"href":"https:\/\/www.sudoestehoje.com.br\/novoportal\/wp-json\/wp\/v2\/comments?post=103473"}],"version-history":[{"count":3,"href":"https:\/\/www.sudoestehoje.com.br\/novoportal\/wp-json\/wp\/v2\/posts\/103473\/revisions"}],"predecessor-version":[{"id":103478,"href":"https:\/\/www.sudoestehoje.com.br\/novoportal\/wp-json\/wp\/v2\/posts\/103473\/revisions\/103478"}],"wp:featuredmedia":[{"embeddable":true,"href":"https:\/\/www.sudoestehoje.com.br\/novoportal\/wp-json\/wp\/v2\/media\/103475"}],"wp:attachment":[{"href":"https:\/\/www.sudoestehoje.com.br\/novoportal\/wp-json\/wp\/v2\/media?parent=103473"}],"wp:term":[{"taxonomy":"category","embeddable":true,"href":"https:\/\/www.sudoestehoje.com.br\/novoportal\/wp-json\/wp\/v2\/categories?post=103473"},{"taxonomy":"post_tag","embeddable":true,"href":"https:\/\/www.sudoestehoje.com.br\/novoportal\/wp-json\/wp\/v2\/tags?post=103473"}],"curies":[{"name":"wp","href":"https:\/\/api.w.org\/{rel}","templated":true}]}}