
{"id":103428,"date":"2022-07-15T19:28:42","date_gmt":"2022-07-15T22:28:42","guid":{"rendered":"https:\/\/www.sudoestehoje.com.br\/novoportal\/?p=103428"},"modified":"2022-07-15T19:43:24","modified_gmt":"2022-07-15T22:43:24","slug":"maiquinique-tse-mantem-cassacao-do-prefeito-jesulino-e-da-vice-prefeita-zaza","status":"publish","type":"post","link":"https:\/\/www.sudoestehoje.com.br\/novoportal\/2022\/07\/15\/maiquinique-tse-mantem-cassacao-do-prefeito-jesulino-e-da-vice-prefeita-zaza\/","title":{"rendered":"MAIQUINIQUE | TSE MANT\u00c9M CASSA\u00c7\u00c3O DO PREFEITO JESULINO E DA VICE-PREFEITA ZAZA"},"content":{"rendered":"<p><a href=\"https:\/\/www.sudoestehoje.com.br\/novoportal\/wp-content\/uploads\/2022\/07\/IMG_20220128_205616-1.jpg\"><img loading=\"lazy\" decoding=\"async\" class=\"aligncenter size-medium wp-image-103430\" src=\"https:\/\/www.sudoestehoje.com.br\/novoportal\/wp-content\/uploads\/2022\/07\/IMG_20220128_205616-1-500x415.jpg\" alt=\"\" width=\"500\" height=\"415\" srcset=\"https:\/\/www.sudoestehoje.com.br\/novoportal\/wp-content\/uploads\/2022\/07\/IMG_20220128_205616-1-500x415.jpg 500w, https:\/\/www.sudoestehoje.com.br\/novoportal\/wp-content\/uploads\/2022\/07\/IMG_20220128_205616-1-700x580.jpg 700w, https:\/\/www.sudoestehoje.com.br\/novoportal\/wp-content\/uploads\/2022\/07\/IMG_20220128_205616-1-768x637.jpg 768w, https:\/\/www.sudoestehoje.com.br\/novoportal\/wp-content\/uploads\/2022\/07\/IMG_20220128_205616-1.jpg 1000w\" sizes=\"auto, (max-width: 500px) 100vw, 500px\" \/><\/a><\/p>\n<p>Em decis\u00e3o monocr\u00e1tica do Ministro Alexandre de Morais, o TSE negou provimento ao recurso impetrado pelo prefeito Jesulino Porto, de Maiquinique, e sua vice Zaza, mantendo a sua cassa\u00e7\u00e3o por Abuso do Poder Econ\u00f4mico, pela distribui\u00e7\u00e3o de gasolina durante carreata no munic\u00edpio, nas elei\u00e7\u00f5es de 2020, em posto de combust\u00edvel de sua propriedade.<\/p>\n<p>Com a nova decis\u00e3o do TSE, que tamb\u00e9m cassou a liminar que mantinha Jesulino e sua vice Zaza nos cargos, os gestores dever\u00e3o ser afastados definitivamente, nos pr\u00f3ximos dias.<\/p>\n<p>Assume o cargo de prefeito o atual presidente da C\u00e2mara Municipal, at\u00e9 a realiza\u00e7\u00e3o de elei\u00e7\u00e3o suplementar, a ser marcada pelo TRE-Ba. <em>Confira decis\u00e3o:<\/em><\/p>\n<p><strong><span style=\"color: #0000ff;\"><a style=\"color: #0000ff;\" href=\"https:\/\/www.sudoestehoje.com.br\/novoportal\/wp-content\/uploads\/2022\/07\/decisa\u0303o-final-aije-1.pdf\">decisa\u0303o final aije (1)<\/a><\/span><\/strong><\/p>\n<p><strong><em>Por Davi Ferraz<\/em><\/strong><\/p>\n","protected":false},"excerpt":{"rendered":"<p>Em decis\u00e3o monocr\u00e1tica do Ministro Alexandre de Morais, o TSE negou provimento ao recurso impetrado pelo prefeito Jesulino Porto, de Maiquinique, e sua vice Zaza, mantendo a sua cassa\u00e7\u00e3o por Abuso do Poder Econ\u00f4mico, pela distribui\u00e7\u00e3o de gasolina durante carreata no munic\u00edpio, nas elei\u00e7\u00f5es de 2020, em posto de combust\u00edvel de sua propriedade. Com a [&hellip;]<\/p>\n","protected":false},"author":2,"featured_media":103430,"comment_status":"open","ping_status":"open","sticky":false,"template":"","format":"standard","meta":{"footnotes":"","_links_to":"","_links_to_target":""},"categories":[1],"tags":[],"class_list":["post-103428","post","type-post","status-publish","format-standard","has-post-thumbnail","hentry","category-geral"],"views":1168,"_links":{"self":[{"href":"https:\/\/www.sudoestehoje.com.br\/novoportal\/wp-json\/wp\/v2\/posts\/103428","targetHints":{"allow":["GET"]}}],"collection":[{"href":"https:\/\/www.sudoestehoje.com.br\/novoportal\/wp-json\/wp\/v2\/posts"}],"about":[{"href":"https:\/\/www.sudoestehoje.com.br\/novoportal\/wp-json\/wp\/v2\/types\/post"}],"author":[{"embeddable":true,"href":"https:\/\/www.sudoestehoje.com.br\/novoportal\/wp-json\/wp\/v2\/users\/2"}],"replies":[{"embeddable":true,"href":"https:\/\/www.sudoestehoje.com.br\/novoportal\/wp-json\/wp\/v2\/comments?post=103428"}],"version-history":[{"count":6,"href":"https:\/\/www.sudoestehoje.com.br\/novoportal\/wp-json\/wp\/v2\/posts\/103428\/revisions"}],"predecessor-version":[{"id":103436,"href":"https:\/\/www.sudoestehoje.com.br\/novoportal\/wp-json\/wp\/v2\/posts\/103428\/revisions\/103436"}],"wp:featuredmedia":[{"embeddable":true,"href":"https:\/\/www.sudoestehoje.com.br\/novoportal\/wp-json\/wp\/v2\/media\/103430"}],"wp:attachment":[{"href":"https:\/\/www.sudoestehoje.com.br\/novoportal\/wp-json\/wp\/v2\/media?parent=103428"}],"wp:term":[{"taxonomy":"category","embeddable":true,"href":"https:\/\/www.sudoestehoje.com.br\/novoportal\/wp-json\/wp\/v2\/categories?post=103428"},{"taxonomy":"post_tag","embeddable":true,"href":"https:\/\/www.sudoestehoje.com.br\/novoportal\/wp-json\/wp\/v2\/tags?post=103428"}],"curies":[{"name":"wp","href":"https:\/\/api.w.org\/{rel}","templated":true}]}}