
{"id":103421,"date":"2022-07-15T15:08:22","date_gmt":"2022-07-15T18:08:22","guid":{"rendered":"https:\/\/www.sudoestehoje.com.br\/novoportal\/?p=103421"},"modified":"2022-07-15T15:17:30","modified_gmt":"2022-07-15T18:17:30","slug":"itapetinga-guarda-municipal-envolvido-em-caso-de-violencia-e-afastado-do-servico-para-inicio-de-sindicancia","status":"publish","type":"post","link":"https:\/\/www.sudoestehoje.com.br\/novoportal\/2022\/07\/15\/itapetinga-guarda-municipal-envolvido-em-caso-de-violencia-e-afastado-do-servico-para-inicio-de-sindicancia\/","title":{"rendered":"ITAPETINGA | GUARDA MUNICIPAL ENVOLVIDO EM CASO DE VIOL\u00caNCIA \u00c9 AFASTADO DO SERVI\u00c7O PARA IN\u00cdCIO DE SINDIC\u00c2NCIA"},"content":{"rendered":"<p><a href=\"https:\/\/www.sudoestehoje.com.br\/novoportal\/wp-content\/uploads\/2022\/07\/guarda-990x537-1.jpg\"><img loading=\"lazy\" decoding=\"async\" class=\"aligncenter size-medium wp-image-103422\" src=\"https:\/\/www.sudoestehoje.com.br\/novoportal\/wp-content\/uploads\/2022\/07\/guarda-990x537-1-500x271.jpg\" alt=\"\" width=\"500\" height=\"271\" srcset=\"https:\/\/www.sudoestehoje.com.br\/novoportal\/wp-content\/uploads\/2022\/07\/guarda-990x537-1-500x271.jpg 500w, https:\/\/www.sudoestehoje.com.br\/novoportal\/wp-content\/uploads\/2022\/07\/guarda-990x537-1-700x380.jpg 700w, https:\/\/www.sudoestehoje.com.br\/novoportal\/wp-content\/uploads\/2022\/07\/guarda-990x537-1-768x417.jpg 768w, https:\/\/www.sudoestehoje.com.br\/novoportal\/wp-content\/uploads\/2022\/07\/guarda-990x537-1.jpg 990w\" sizes=\"auto, (max-width: 500px) 100vw, 500px\" \/><\/a><\/p>\n<p>Diante das den\u00fancias de viol\u00eancia reca\u00eddas sobre um Guarda Municipal, na noite da \u00faltima quinta-feira, a prefeitura de Itapetinga, buscando garantir a boa conduta em todos os setores da administra\u00e7\u00e3o p\u00fablica, afastou preventivamente o acusado de suas fun\u00e7\u00f5es e j\u00e1 encaminhou processo para abertura de sindic\u00e2ncia \u00e0 corregedoria da corpora\u00e7\u00e3o.<\/p>\n<p>Ap\u00f3s apurados os fatos, entre outras provid\u00eancias, o guarda poder\u00e1 ser exclu\u00eddo do servi\u00e7o p\u00fablico. Os demais envolvidos no caso tamb\u00e9m ser\u00e3o investigados administrativamente e as puni\u00e7\u00f5es cab\u00edveis ser\u00e3o aplicadas.<\/p>\n<p>As consequ\u00eancias criminais do ato j\u00e1 est\u00e3o sendo analisadas pela Pol\u00edcia Civil e o respons\u00e1vel tamb\u00e9m responder\u00e1 na esfera jur\u00eddica.<\/p>\n<p>A prefeitura de Itapetinga reitera seu total compromisso com a humaniza\u00e7\u00e3o do servi\u00e7o p\u00fablico em todas as suas esferas, assim como busca garantir a cordialidade de todos os seus agentes no trato com a popula\u00e7\u00e3o. \/\/Ascom<\/p>\n","protected":false},"excerpt":{"rendered":"<p>Diante das den\u00fancias de viol\u00eancia reca\u00eddas sobre um Guarda Municipal, na noite da \u00faltima quinta-feira, a prefeitura de Itapetinga, buscando garantir a boa conduta em todos os setores da administra\u00e7\u00e3o p\u00fablica, afastou preventivamente o acusado de suas fun\u00e7\u00f5es e j\u00e1 encaminhou processo para abertura de sindic\u00e2ncia \u00e0 corregedoria da corpora\u00e7\u00e3o. Ap\u00f3s apurados os fatos, entre [&hellip;]<\/p>\n","protected":false},"author":2,"featured_media":103422,"comment_status":"open","ping_status":"open","sticky":false,"template":"","format":"standard","meta":{"footnotes":"","_links_to":"","_links_to_target":""},"categories":[1],"tags":[],"class_list":["post-103421","post","type-post","status-publish","format-standard","has-post-thumbnail","hentry","category-geral"],"views":1509,"_links":{"self":[{"href":"https:\/\/www.sudoestehoje.com.br\/novoportal\/wp-json\/wp\/v2\/posts\/103421","targetHints":{"allow":["GET"]}}],"collection":[{"href":"https:\/\/www.sudoestehoje.com.br\/novoportal\/wp-json\/wp\/v2\/posts"}],"about":[{"href":"https:\/\/www.sudoestehoje.com.br\/novoportal\/wp-json\/wp\/v2\/types\/post"}],"author":[{"embeddable":true,"href":"https:\/\/www.sudoestehoje.com.br\/novoportal\/wp-json\/wp\/v2\/users\/2"}],"replies":[{"embeddable":true,"href":"https:\/\/www.sudoestehoje.com.br\/novoportal\/wp-json\/wp\/v2\/comments?post=103421"}],"version-history":[{"count":2,"href":"https:\/\/www.sudoestehoje.com.br\/novoportal\/wp-json\/wp\/v2\/posts\/103421\/revisions"}],"predecessor-version":[{"id":103424,"href":"https:\/\/www.sudoestehoje.com.br\/novoportal\/wp-json\/wp\/v2\/posts\/103421\/revisions\/103424"}],"wp:featuredmedia":[{"embeddable":true,"href":"https:\/\/www.sudoestehoje.com.br\/novoportal\/wp-json\/wp\/v2\/media\/103422"}],"wp:attachment":[{"href":"https:\/\/www.sudoestehoje.com.br\/novoportal\/wp-json\/wp\/v2\/media?parent=103421"}],"wp:term":[{"taxonomy":"category","embeddable":true,"href":"https:\/\/www.sudoestehoje.com.br\/novoportal\/wp-json\/wp\/v2\/categories?post=103421"},{"taxonomy":"post_tag","embeddable":true,"href":"https:\/\/www.sudoestehoje.com.br\/novoportal\/wp-json\/wp\/v2\/tags?post=103421"}],"curies":[{"name":"wp","href":"https:\/\/api.w.org\/{rel}","templated":true}]}}