
{"id":103415,"date":"2022-07-15T14:57:12","date_gmt":"2022-07-15T17:57:12","guid":{"rendered":"https:\/\/www.sudoestehoje.com.br\/novoportal\/?p=103415"},"modified":"2022-07-15T21:45:41","modified_gmt":"2022-07-16T00:45:41","slug":"itapetinga-sai-exoneracao-de-claudio-souza-da-coordenacao-da-comutran-e-nomeacao-de-neto-ferraz-para-o-cargo","status":"publish","type":"post","link":"https:\/\/www.sudoestehoje.com.br\/novoportal\/2022\/07\/15\/itapetinga-sai-exoneracao-de-claudio-souza-da-coordenacao-da-comutran-e-nomeacao-de-neto-ferraz-para-o-cargo\/","title":{"rendered":"ITAPETINGA | SAI EXONERA\u00c7\u00c3O DE CLAUDIO SOUZA DA COORDENA\u00c7\u00c3O DA COMUTRAN E NOMEA\u00c7\u00c3O DE NETO FERRAZ PARA O CARGO"},"content":{"rendered":"<p><a href=\"https:\/\/www.sudoestehoje.com.br\/novoportal\/wp-content\/uploads\/2022\/07\/C\u00e3mara-Municipal-de-Itapetinga.jpg\"><img loading=\"lazy\" decoding=\"async\" class=\"aligncenter wp-image-103419\" src=\"https:\/\/www.sudoestehoje.com.br\/novoportal\/wp-content\/uploads\/2022\/07\/C\u00e3mara-Municipal-de-Itapetinga.jpg\" alt=\"\" width=\"500\" height=\"366\" \/><\/a><\/p>\n<p>Foram publicados no Di\u00e1rio Oficial do Munic\u00edpio de Itapetinga, nesta sexta-feira (15), os decretos de exonera\u00e7\u00e3o do antigo coordenador da Comutran, Claudio e Souza, e de nomea\u00e7\u00e3o do vereador Neto Ferraz para a mesma fun\u00e7\u00e3o, como j\u00e1 vinha sendo largamente noticiado pela imprensa local<\/p>\n<p>Com a sua nomea\u00e7\u00e3o para o novo cargo, o vereador Neto Ferraz se licenciar\u00e1 do mandato de vereador eleito pelo PSC, antes de assumir o comando da Comutran, no in\u00edcio da pr\u00f3xima semana.<\/p>\n<p>Claudio Souza assumir\u00e1 em definitivo a coordena\u00e7\u00e3o da Defesa Civil no munic\u00edpio.<\/p>\n<p><strong><em>Por Davi Ferraz<\/em><\/strong><\/p>\n","protected":false},"excerpt":{"rendered":"<p>Foram publicados no Di\u00e1rio Oficial do Munic\u00edpio de Itapetinga, nesta sexta-feira (15), os decretos de exonera\u00e7\u00e3o do antigo coordenador da Comutran, Claudio e Souza, e de nomea\u00e7\u00e3o do vereador Neto Ferraz para a mesma fun\u00e7\u00e3o, como j\u00e1 vinha sendo largamente noticiado pela imprensa local Com a sua nomea\u00e7\u00e3o para o novo cargo, o vereador Neto [&hellip;]<\/p>\n","protected":false},"author":2,"featured_media":103419,"comment_status":"open","ping_status":"open","sticky":false,"template":"","format":"standard","meta":{"footnotes":"","_links_to":"","_links_to_target":""},"categories":[1],"tags":[],"class_list":["post-103415","post","type-post","status-publish","format-standard","has-post-thumbnail","hentry","category-geral"],"views":1041,"_links":{"self":[{"href":"https:\/\/www.sudoestehoje.com.br\/novoportal\/wp-json\/wp\/v2\/posts\/103415","targetHints":{"allow":["GET"]}}],"collection":[{"href":"https:\/\/www.sudoestehoje.com.br\/novoportal\/wp-json\/wp\/v2\/posts"}],"about":[{"href":"https:\/\/www.sudoestehoje.com.br\/novoportal\/wp-json\/wp\/v2\/types\/post"}],"author":[{"embeddable":true,"href":"https:\/\/www.sudoestehoje.com.br\/novoportal\/wp-json\/wp\/v2\/users\/2"}],"replies":[{"embeddable":true,"href":"https:\/\/www.sudoestehoje.com.br\/novoportal\/wp-json\/wp\/v2\/comments?post=103415"}],"version-history":[{"count":7,"href":"https:\/\/www.sudoestehoje.com.br\/novoportal\/wp-json\/wp\/v2\/posts\/103415\/revisions"}],"predecessor-version":[{"id":103438,"href":"https:\/\/www.sudoestehoje.com.br\/novoportal\/wp-json\/wp\/v2\/posts\/103415\/revisions\/103438"}],"wp:featuredmedia":[{"embeddable":true,"href":"https:\/\/www.sudoestehoje.com.br\/novoportal\/wp-json\/wp\/v2\/media\/103419"}],"wp:attachment":[{"href":"https:\/\/www.sudoestehoje.com.br\/novoportal\/wp-json\/wp\/v2\/media?parent=103415"}],"wp:term":[{"taxonomy":"category","embeddable":true,"href":"https:\/\/www.sudoestehoje.com.br\/novoportal\/wp-json\/wp\/v2\/categories?post=103415"},{"taxonomy":"post_tag","embeddable":true,"href":"https:\/\/www.sudoestehoje.com.br\/novoportal\/wp-json\/wp\/v2\/tags?post=103415"}],"curies":[{"name":"wp","href":"https:\/\/api.w.org\/{rel}","templated":true}]}}