
{"id":103406,"date":"2022-07-15T14:24:58","date_gmt":"2022-07-15T17:24:58","guid":{"rendered":"https:\/\/www.sudoestehoje.com.br\/novoportal\/?p=103406"},"modified":"2022-07-15T14:38:33","modified_gmt":"2022-07-15T17:38:33","slug":"urgente-comandante-weltmo-da-guarda-municipal-e-exonerado-gm-caetano-assume","status":"publish","type":"post","link":"https:\/\/www.sudoestehoje.com.br\/novoportal\/2022\/07\/15\/urgente-comandante-weltmo-da-guarda-municipal-e-exonerado-gm-caetano-assume\/","title":{"rendered":"URGENTE: COMANDANTE WELTMO DA GUARDA MUNICIPAL \u00c9 EXONERADO; GM CAETANO ASSUME"},"content":{"rendered":"<p><a href=\"https:\/\/www.sudoestehoje.com.br\/novoportal\/wp-content\/uploads\/2022\/07\/WhatsApp-Image-2022-07-15-at-13.37.07.jpeg\"><img loading=\"lazy\" decoding=\"async\" class=\"aligncenter size-medium wp-image-103408\" src=\"https:\/\/www.sudoestehoje.com.br\/novoportal\/wp-content\/uploads\/2022\/07\/WhatsApp-Image-2022-07-15-at-13.37.07-500x382.jpeg\" alt=\"\" width=\"500\" height=\"382\" srcset=\"https:\/\/www.sudoestehoje.com.br\/novoportal\/wp-content\/uploads\/2022\/07\/WhatsApp-Image-2022-07-15-at-13.37.07-500x382.jpeg 500w, https:\/\/www.sudoestehoje.com.br\/novoportal\/wp-content\/uploads\/2022\/07\/WhatsApp-Image-2022-07-15-at-13.37.07-700x535.jpeg 700w, https:\/\/www.sudoestehoje.com.br\/novoportal\/wp-content\/uploads\/2022\/07\/WhatsApp-Image-2022-07-15-at-13.37.07-768x587.jpeg 768w, https:\/\/www.sudoestehoje.com.br\/novoportal\/wp-content\/uploads\/2022\/07\/WhatsApp-Image-2022-07-15-at-13.37.07-1536x1174.jpeg 1536w, https:\/\/www.sudoestehoje.com.br\/novoportal\/wp-content\/uploads\/2022\/07\/WhatsApp-Image-2022-07-15-at-13.37.07.jpeg 1600w\" sizes=\"auto, (max-width: 500px) 100vw, 500px\" \/><\/a><\/p>\n<p>Ap\u00f3s determinar a abertura de Processo Disciplinar Administrativo contra o GM flagrado em v\u00eddeo agredindo jovem nesta quinta-feira (14), que teve grande repercuss\u00e3o nas m\u00eddias sociais e imprensa, o prefeito Rodrigo Hagge baixou Decreto exonerando o antigo comandante da Guarda Municipal, Weltmo Vieira dos Santos, nesta sexta-feira (15).<\/p>\n<p>De imediato, foi nomeado para o cargo o tamb\u00e9m GM Roberto Caetano Santos, servidor do quadro efetivo da Guarda Municipal, que assume o comando da corpora\u00e7\u00e3o.<\/p>\n<p>Os decretos foram publicados no Di\u00e1rio Oficial Eletr\u00f4nico do Munic\u00edpio, nesta sexta (15). <em>Confira:<\/em><\/p>\n<p><a href=\"https:\/\/www.sudoestehoje.com.br\/novoportal\/wp-content\/uploads\/2022\/07\/WhatsApp-Image-2022-07-15-at-14.33.56.jpeg\"><img loading=\"lazy\" decoding=\"async\" class=\"aligncenter size-medium wp-image-103410\" src=\"https:\/\/www.sudoestehoje.com.br\/novoportal\/wp-content\/uploads\/2022\/07\/WhatsApp-Image-2022-07-15-at-14.33.56-500x586.jpeg\" alt=\"\" width=\"500\" height=\"586\" srcset=\"https:\/\/www.sudoestehoje.com.br\/novoportal\/wp-content\/uploads\/2022\/07\/WhatsApp-Image-2022-07-15-at-14.33.56-500x586.jpeg 500w, https:\/\/www.sudoestehoje.com.br\/novoportal\/wp-content\/uploads\/2022\/07\/WhatsApp-Image-2022-07-15-at-14.33.56-700x820.jpeg 700w, https:\/\/www.sudoestehoje.com.br\/novoportal\/wp-content\/uploads\/2022\/07\/WhatsApp-Image-2022-07-15-at-14.33.56-768x900.jpeg 768w, https:\/\/www.sudoestehoje.com.br\/novoportal\/wp-content\/uploads\/2022\/07\/WhatsApp-Image-2022-07-15-at-14.33.56.jpeg 985w\" sizes=\"auto, (max-width: 500px) 100vw, 500px\" \/><\/a> <a href=\"https:\/\/www.sudoestehoje.com.br\/novoportal\/wp-content\/uploads\/2022\/07\/WhatsApp-Image-2022-07-15-at-14.34.52.jpeg\"><img loading=\"lazy\" decoding=\"async\" class=\"aligncenter size-medium wp-image-103411\" src=\"https:\/\/www.sudoestehoje.com.br\/novoportal\/wp-content\/uploads\/2022\/07\/WhatsApp-Image-2022-07-15-at-14.34.52-491x700.jpeg\" alt=\"\" width=\"491\" height=\"700\" srcset=\"https:\/\/www.sudoestehoje.com.br\/novoportal\/wp-content\/uploads\/2022\/07\/WhatsApp-Image-2022-07-15-at-14.34.52-491x700.jpeg 491w, https:\/\/www.sudoestehoje.com.br\/novoportal\/wp-content\/uploads\/2022\/07\/WhatsApp-Image-2022-07-15-at-14.34.52-632x900.jpeg 632w, https:\/\/www.sudoestehoje.com.br\/novoportal\/wp-content\/uploads\/2022\/07\/WhatsApp-Image-2022-07-15-at-14.34.52-768x1094.jpeg 768w, https:\/\/www.sudoestehoje.com.br\/novoportal\/wp-content\/uploads\/2022\/07\/WhatsApp-Image-2022-07-15-at-14.34.52.jpeg 994w\" sizes=\"auto, (max-width: 491px) 100vw, 491px\" \/><\/a><\/p>\n<p><strong><em>Por Davi Ferraz<\/em><\/strong><\/p>\n","protected":false},"excerpt":{"rendered":"<p>Ap\u00f3s determinar a abertura de Processo Disciplinar Administrativo contra o GM flagrado em v\u00eddeo agredindo jovem nesta quinta-feira (14), que teve grande repercuss\u00e3o nas m\u00eddias sociais e imprensa, o prefeito Rodrigo Hagge baixou Decreto exonerando o antigo comandante da Guarda Municipal, Weltmo Vieira dos Santos, nesta sexta-feira (15). De imediato, foi nomeado para o cargo [&hellip;]<\/p>\n","protected":false},"author":2,"featured_media":103408,"comment_status":"open","ping_status":"open","sticky":false,"template":"","format":"standard","meta":{"footnotes":"","_links_to":"","_links_to_target":""},"categories":[1],"tags":[],"class_list":["post-103406","post","type-post","status-publish","format-standard","has-post-thumbnail","hentry","category-geral"],"views":2409,"_links":{"self":[{"href":"https:\/\/www.sudoestehoje.com.br\/novoportal\/wp-json\/wp\/v2\/posts\/103406","targetHints":{"allow":["GET"]}}],"collection":[{"href":"https:\/\/www.sudoestehoje.com.br\/novoportal\/wp-json\/wp\/v2\/posts"}],"about":[{"href":"https:\/\/www.sudoestehoje.com.br\/novoportal\/wp-json\/wp\/v2\/types\/post"}],"author":[{"embeddable":true,"href":"https:\/\/www.sudoestehoje.com.br\/novoportal\/wp-json\/wp\/v2\/users\/2"}],"replies":[{"embeddable":true,"href":"https:\/\/www.sudoestehoje.com.br\/novoportal\/wp-json\/wp\/v2\/comments?post=103406"}],"version-history":[{"count":5,"href":"https:\/\/www.sudoestehoje.com.br\/novoportal\/wp-json\/wp\/v2\/posts\/103406\/revisions"}],"predecessor-version":[{"id":103414,"href":"https:\/\/www.sudoestehoje.com.br\/novoportal\/wp-json\/wp\/v2\/posts\/103406\/revisions\/103414"}],"wp:featuredmedia":[{"embeddable":true,"href":"https:\/\/www.sudoestehoje.com.br\/novoportal\/wp-json\/wp\/v2\/media\/103408"}],"wp:attachment":[{"href":"https:\/\/www.sudoestehoje.com.br\/novoportal\/wp-json\/wp\/v2\/media?parent=103406"}],"wp:term":[{"taxonomy":"category","embeddable":true,"href":"https:\/\/www.sudoestehoje.com.br\/novoportal\/wp-json\/wp\/v2\/categories?post=103406"},{"taxonomy":"post_tag","embeddable":true,"href":"https:\/\/www.sudoestehoje.com.br\/novoportal\/wp-json\/wp\/v2\/tags?post=103406"}],"curies":[{"name":"wp","href":"https:\/\/api.w.org\/{rel}","templated":true}]}}