
{"id":103394,"date":"2022-07-15T00:08:51","date_gmt":"2022-07-15T03:08:51","guid":{"rendered":"https:\/\/www.sudoestehoje.com.br\/novoportal\/?p=103394"},"modified":"2022-07-15T00:10:48","modified_gmt":"2022-07-15T03:10:48","slug":"eleicoes-acm-neto-confirma-convencao-para-o-dia-5-de-agosto","status":"publish","type":"post","link":"https:\/\/www.sudoestehoje.com.br\/novoportal\/2022\/07\/15\/eleicoes-acm-neto-confirma-convencao-para-o-dia-5-de-agosto\/","title":{"rendered":"ELEI\u00c7\u00d5ES | ACM NETO CONFIRMA CONVEN\u00c7\u00c3O PARA O DIA 5 DE AGOSTO"},"content":{"rendered":"<p><a href=\"https:\/\/www.sudoestehoje.com.br\/novoportal\/wp-content\/uploads\/2022\/07\/WhatsApp-Image-2022-07-14-at-12.19.27.jpeg\"><img loading=\"lazy\" decoding=\"async\" class=\"aligncenter size-medium wp-image-103395\" src=\"https:\/\/www.sudoestehoje.com.br\/novoportal\/wp-content\/uploads\/2022\/07\/WhatsApp-Image-2022-07-14-at-12.19.27-500x333.jpeg\" alt=\"\" width=\"500\" height=\"333\" srcset=\"https:\/\/www.sudoestehoje.com.br\/novoportal\/wp-content\/uploads\/2022\/07\/WhatsApp-Image-2022-07-14-at-12.19.27-500x333.jpeg 500w, https:\/\/www.sudoestehoje.com.br\/novoportal\/wp-content\/uploads\/2022\/07\/WhatsApp-Image-2022-07-14-at-12.19.27-700x467.jpeg 700w, https:\/\/www.sudoestehoje.com.br\/novoportal\/wp-content\/uploads\/2022\/07\/WhatsApp-Image-2022-07-14-at-12.19.27-768x512.jpeg 768w, https:\/\/www.sudoestehoje.com.br\/novoportal\/wp-content\/uploads\/2022\/07\/WhatsApp-Image-2022-07-14-at-12.19.27.jpeg 1380w\" sizes=\"auto, (max-width: 500px) 100vw, 500px\" \/><\/a><\/p>\n<p>O Uni\u00e3o Brasil vai realizar no dia 5 de agosto a conven\u00e7\u00e3o partid\u00e1ria para oficializar a candidatura do ex-prefeito de Salvador ACM Neto ao Governo da Bahia. O evento partid\u00e1rio ser\u00e1 realizado no Centro de Conven\u00e7\u00f5es de Salvador, a partir das 9h, e ocorrer\u00e1 em conjunto com o PP, que ir\u00e1 sacramentar a candidatura do deputado federal Cac\u00e1 Le\u00e3o ao Senado.<\/p>\n<p>Al\u00e9m da candidatura de Neto, o Uni\u00e3o Brasil ir\u00e1 tamb\u00e9m lan\u00e7ar sua chapa de postulantes a deputado estadual e federal. O evento, por sinal, ser\u00e1 realizado no mesmo local que recebeu o lan\u00e7amento da pr\u00e9-candidatura de ACM Neto, em 2 de dezembro do ano passado.<\/p>\n<p>Com 11 partidos em sua alian\u00e7a partid\u00e1ria, Neto conseguiu formalizar a maior base de oposi\u00e7\u00e3o da hist\u00f3ria da Bahia. \u201cEstamos trabalhando e levando esperan\u00e7a de dias melhores para todos os cantos do nosso estado. N\u00f3s sabemos que a Bahia pode muito mais\u201d, diz Neto sobre sua pr\u00e9-candidatura.<\/p>\n<p>\u201cDepois de quatro mandatos consecutivos, o PT deixa como legado uma Bahia com educa\u00e7\u00e3o de baixa qualidade, altos \u00edndices de desemprego e de homic\u00eddios violentos. \u00c9 hora de mudar essa trajet\u00f3ria e colocar nosso estado novamente na rota do desenvolvimento e da oferta de servi\u00e7os p\u00fablicos de qualidade para a nossa popula\u00e7\u00e3o\u201d, ressaltou o ex-prefeito de Salvador.<\/p>\n","protected":false},"excerpt":{"rendered":"<p>O Uni\u00e3o Brasil vai realizar no dia 5 de agosto a conven\u00e7\u00e3o partid\u00e1ria para oficializar a candidatura do ex-prefeito de Salvador ACM Neto ao Governo da Bahia. O evento partid\u00e1rio ser\u00e1 realizado no Centro de Conven\u00e7\u00f5es de Salvador, a partir das 9h, e ocorrer\u00e1 em conjunto com o PP, que ir\u00e1 sacramentar a candidatura do [&hellip;]<\/p>\n","protected":false},"author":2,"featured_media":103395,"comment_status":"open","ping_status":"open","sticky":false,"template":"","format":"standard","meta":{"footnotes":"","_links_to":"","_links_to_target":""},"categories":[1],"tags":[],"class_list":["post-103394","post","type-post","status-publish","format-standard","has-post-thumbnail","hentry","category-geral"],"views":798,"_links":{"self":[{"href":"https:\/\/www.sudoestehoje.com.br\/novoportal\/wp-json\/wp\/v2\/posts\/103394","targetHints":{"allow":["GET"]}}],"collection":[{"href":"https:\/\/www.sudoestehoje.com.br\/novoportal\/wp-json\/wp\/v2\/posts"}],"about":[{"href":"https:\/\/www.sudoestehoje.com.br\/novoportal\/wp-json\/wp\/v2\/types\/post"}],"author":[{"embeddable":true,"href":"https:\/\/www.sudoestehoje.com.br\/novoportal\/wp-json\/wp\/v2\/users\/2"}],"replies":[{"embeddable":true,"href":"https:\/\/www.sudoestehoje.com.br\/novoportal\/wp-json\/wp\/v2\/comments?post=103394"}],"version-history":[{"count":1,"href":"https:\/\/www.sudoestehoje.com.br\/novoportal\/wp-json\/wp\/v2\/posts\/103394\/revisions"}],"predecessor-version":[{"id":103396,"href":"https:\/\/www.sudoestehoje.com.br\/novoportal\/wp-json\/wp\/v2\/posts\/103394\/revisions\/103396"}],"wp:featuredmedia":[{"embeddable":true,"href":"https:\/\/www.sudoestehoje.com.br\/novoportal\/wp-json\/wp\/v2\/media\/103395"}],"wp:attachment":[{"href":"https:\/\/www.sudoestehoje.com.br\/novoportal\/wp-json\/wp\/v2\/media?parent=103394"}],"wp:term":[{"taxonomy":"category","embeddable":true,"href":"https:\/\/www.sudoestehoje.com.br\/novoportal\/wp-json\/wp\/v2\/categories?post=103394"},{"taxonomy":"post_tag","embeddable":true,"href":"https:\/\/www.sudoestehoje.com.br\/novoportal\/wp-json\/wp\/v2\/tags?post=103394"}],"curies":[{"name":"wp","href":"https:\/\/api.w.org\/{rel}","templated":true}]}}