
{"id":103388,"date":"2022-07-14T23:37:13","date_gmt":"2022-07-15T02:37:13","guid":{"rendered":"https:\/\/www.sudoestehoje.com.br\/novoportal\/?p=103388"},"modified":"2022-07-14T23:39:54","modified_gmt":"2022-07-15T02:39:54","slug":"nao-acabou-brasil-registra-292-mortes-por-covid-19-nesta-quinta-feira","status":"publish","type":"post","link":"https:\/\/www.sudoestehoje.com.br\/novoportal\/2022\/07\/14\/nao-acabou-brasil-registra-292-mortes-por-covid-19-nesta-quinta-feira\/","title":{"rendered":"N\u00c3O ACABOU | BRASIL REGISTRA 292 MORTES POR COVID-19 NESTA QUINTA-FEIRA"},"content":{"rendered":"<p><a href=\"https:\/\/www.sudoestehoje.com.br\/novoportal\/wp-content\/uploads\/2022\/07\/atendimento-covid-930x620-1.jpg\"><img loading=\"lazy\" decoding=\"async\" class=\"aligncenter size-medium wp-image-103390\" src=\"https:\/\/www.sudoestehoje.com.br\/novoportal\/wp-content\/uploads\/2022\/07\/atendimento-covid-930x620-1-500x333.jpg\" alt=\"\" width=\"500\" height=\"333\" srcset=\"https:\/\/www.sudoestehoje.com.br\/novoportal\/wp-content\/uploads\/2022\/07\/atendimento-covid-930x620-1-500x333.jpg 500w, https:\/\/www.sudoestehoje.com.br\/novoportal\/wp-content\/uploads\/2022\/07\/atendimento-covid-930x620-1-700x467.jpg 700w, https:\/\/www.sudoestehoje.com.br\/novoportal\/wp-content\/uploads\/2022\/07\/atendimento-covid-930x620-1-768x512.jpg 768w, https:\/\/www.sudoestehoje.com.br\/novoportal\/wp-content\/uploads\/2022\/07\/atendimento-covid-930x620-1.jpg 930w\" sizes=\"auto, (max-width: 500px) 100vw, 500px\" \/><\/a><\/p>\n<p>O Brasil registrou 292 mortes por Covid e 65.080 casos da doen\u00e7a, nesta quinta-feira (14). Com isso, o pa\u00eds chega a 674.846 vidas perdidas e a 33.140.708 pessoas infectadas pelo Sars-CoV-2 desde o in\u00edcio da pandemia.<\/p>\n<p>A m\u00e9dia m\u00f3vel de mortes voltou a apresentar crescimento. Ela agora \u00e9 de 246 \u00f3bitos por dia, aumento de 16% em rela\u00e7\u00e3o ao dado de duas semanas atr\u00e1s. J\u00e1 a m\u00e9dia de casos permanece em estabilidade (sem varia\u00e7\u00f5es superiores a 15% em rela\u00e7\u00e3o \u00e0 m\u00e9dia de duas semanas antes) e \u00e9 de 54.238 infec\u00e7\u00f5es por dia.<\/p>\n<p>Os dados do pa\u00eds foram coletados at\u00e9 20h desta quinta.<\/p>\n<p><a href=\"https:\/\/www.sudoestehoje.com.br\/novoportal\/wp-content\/uploads\/2022\/07\/XHz4Ge_Banner-blog_Novembro-azul-2021_POLITICA-LIVRE-300-x-100-1.jpg\"><img loading=\"lazy\" decoding=\"async\" class=\"aligncenter  wp-image-103387\" src=\"https:\/\/www.sudoestehoje.com.br\/novoportal\/wp-content\/uploads\/2022\/07\/XHz4Ge_Banner-blog_Novembro-azul-2021_POLITICA-LIVRE-300-x-100-1.jpg\" alt=\"\" width=\"501\" height=\"167\" \/><\/a><\/p>\n","protected":false},"excerpt":{"rendered":"<p>O Brasil registrou 292 mortes por Covid e 65.080 casos da doen\u00e7a, nesta quinta-feira (14). Com isso, o pa\u00eds chega a 674.846 vidas perdidas e a 33.140.708 pessoas infectadas pelo Sars-CoV-2 desde o in\u00edcio da pandemia. A m\u00e9dia m\u00f3vel de mortes voltou a apresentar crescimento. Ela agora \u00e9 de 246 \u00f3bitos por dia, aumento de [&hellip;]<\/p>\n","protected":false},"author":2,"featured_media":103390,"comment_status":"open","ping_status":"open","sticky":false,"template":"","format":"standard","meta":{"footnotes":"","_links_to":"","_links_to_target":""},"categories":[1],"tags":[],"class_list":["post-103388","post","type-post","status-publish","format-standard","has-post-thumbnail","hentry","category-geral"],"views":836,"_links":{"self":[{"href":"https:\/\/www.sudoestehoje.com.br\/novoportal\/wp-json\/wp\/v2\/posts\/103388","targetHints":{"allow":["GET"]}}],"collection":[{"href":"https:\/\/www.sudoestehoje.com.br\/novoportal\/wp-json\/wp\/v2\/posts"}],"about":[{"href":"https:\/\/www.sudoestehoje.com.br\/novoportal\/wp-json\/wp\/v2\/types\/post"}],"author":[{"embeddable":true,"href":"https:\/\/www.sudoestehoje.com.br\/novoportal\/wp-json\/wp\/v2\/users\/2"}],"replies":[{"embeddable":true,"href":"https:\/\/www.sudoestehoje.com.br\/novoportal\/wp-json\/wp\/v2\/comments?post=103388"}],"version-history":[{"count":4,"href":"https:\/\/www.sudoestehoje.com.br\/novoportal\/wp-json\/wp\/v2\/posts\/103388\/revisions"}],"predecessor-version":[{"id":103393,"href":"https:\/\/www.sudoestehoje.com.br\/novoportal\/wp-json\/wp\/v2\/posts\/103388\/revisions\/103393"}],"wp:featuredmedia":[{"embeddable":true,"href":"https:\/\/www.sudoestehoje.com.br\/novoportal\/wp-json\/wp\/v2\/media\/103390"}],"wp:attachment":[{"href":"https:\/\/www.sudoestehoje.com.br\/novoportal\/wp-json\/wp\/v2\/media?parent=103388"}],"wp:term":[{"taxonomy":"category","embeddable":true,"href":"https:\/\/www.sudoestehoje.com.br\/novoportal\/wp-json\/wp\/v2\/categories?post=103388"},{"taxonomy":"post_tag","embeddable":true,"href":"https:\/\/www.sudoestehoje.com.br\/novoportal\/wp-json\/wp\/v2\/tags?post=103388"}],"curies":[{"name":"wp","href":"https:\/\/api.w.org\/{rel}","templated":true}]}}