
{"id":103381,"date":"2022-07-14T23:06:20","date_gmt":"2022-07-15T02:06:20","guid":{"rendered":"https:\/\/www.sudoestehoje.com.br\/novoportal\/?p=103381"},"modified":"2022-07-14T23:24:50","modified_gmt":"2022-07-15T02:24:50","slug":"itabuna-ex-prefeito-fernando-gomes-e-hospitalizado-em-salvador","status":"publish","type":"post","link":"https:\/\/www.sudoestehoje.com.br\/novoportal\/2022\/07\/14\/itabuna-ex-prefeito-fernando-gomes-e-hospitalizado-em-salvador\/","title":{"rendered":"ITABUNA: EX-PREFEITO FERNANDO GOMES \u00c9 HOSPITALIZADO EM SALVADOR"},"content":{"rendered":"<p><a href=\"https:\/\/www.sudoestehoje.com.br\/novoportal\/wp-content\/uploads\/2022\/07\/20200702113104655876a.jpg\"><img loading=\"lazy\" decoding=\"async\" class=\"aligncenter size-medium wp-image-103382\" src=\"https:\/\/www.sudoestehoje.com.br\/novoportal\/wp-content\/uploads\/2022\/07\/20200702113104655876a-500x274.jpg\" alt=\"\" width=\"500\" height=\"274\" srcset=\"https:\/\/www.sudoestehoje.com.br\/novoportal\/wp-content\/uploads\/2022\/07\/20200702113104655876a-500x274.jpg 500w, https:\/\/www.sudoestehoje.com.br\/novoportal\/wp-content\/uploads\/2022\/07\/20200702113104655876a-700x383.jpg 700w, https:\/\/www.sudoestehoje.com.br\/novoportal\/wp-content\/uploads\/2022\/07\/20200702113104655876a-768x420.jpg 768w, https:\/\/www.sudoestehoje.com.br\/novoportal\/wp-content\/uploads\/2022\/07\/20200702113104655876a.jpg 956w\" sizes=\"auto, (max-width: 500px) 100vw, 500px\" \/><\/a><\/p>\n<p>O ex-prefeito de Itabuna Fernando Gomes, de 83 anos, foi internado \u00e0s pressas, nesta quinta-feira (14), no Hospital Alian\u00e7a, em Salvador. Filiado ao PTC, Gomes foi hospitalizado com fortes dores abdominais, com sinais de uma crise hep\u00e1tica, segundo informou uma fonte.<\/p>\n<p>As primeiras informa\u00e7\u00f5es s\u00e3o de que o ex-prefeito de Itabuna Fernando Gomes encontra-se num leito em observa\u00e7\u00e3o. Ele teria sofrido uma crise depois de fazer uso de medicamentos para aliviar dores na coluna. O tratamento teria afetado o f\u00edgado do pol\u00edtico. Ainda n\u00e3o se sabe exatamente sobre o quadro de sa\u00fade do ex-prefeito. <em>\/\/Pimenta Blog<\/em><\/p>\n<p><a href=\"https:\/\/www.sudoestehoje.com.br\/novoportal\/wp-content\/uploads\/2022\/07\/VA8cnW_Banner-blog_Novembro-azul-2021_POLITICA-LIVRE-300-x-100.jpg\"><img loading=\"lazy\" decoding=\"async\" class=\"aligncenter  wp-image-103384\" src=\"https:\/\/www.sudoestehoje.com.br\/novoportal\/wp-content\/uploads\/2022\/07\/VA8cnW_Banner-blog_Novembro-azul-2021_POLITICA-LIVRE-300-x-100.jpg\" alt=\"\" width=\"501\" height=\"167\" \/><\/a><\/p>\n","protected":false},"excerpt":{"rendered":"<p>O ex-prefeito de Itabuna Fernando Gomes, de 83 anos, foi internado \u00e0s pressas, nesta quinta-feira (14), no Hospital Alian\u00e7a, em Salvador. Filiado ao PTC, Gomes foi hospitalizado com fortes dores abdominais, com sinais de uma crise hep\u00e1tica, segundo informou uma fonte. As primeiras informa\u00e7\u00f5es s\u00e3o de que o ex-prefeito de Itabuna Fernando Gomes encontra-se num [&hellip;]<\/p>\n","protected":false},"author":2,"featured_media":103382,"comment_status":"open","ping_status":"open","sticky":false,"template":"","format":"standard","meta":{"footnotes":"","_links_to":"","_links_to_target":""},"categories":[1],"tags":[],"class_list":["post-103381","post","type-post","status-publish","format-standard","has-post-thumbnail","hentry","category-geral"],"views":851,"_links":{"self":[{"href":"https:\/\/www.sudoestehoje.com.br\/novoportal\/wp-json\/wp\/v2\/posts\/103381","targetHints":{"allow":["GET"]}}],"collection":[{"href":"https:\/\/www.sudoestehoje.com.br\/novoportal\/wp-json\/wp\/v2\/posts"}],"about":[{"href":"https:\/\/www.sudoestehoje.com.br\/novoportal\/wp-json\/wp\/v2\/types\/post"}],"author":[{"embeddable":true,"href":"https:\/\/www.sudoestehoje.com.br\/novoportal\/wp-json\/wp\/v2\/users\/2"}],"replies":[{"embeddable":true,"href":"https:\/\/www.sudoestehoje.com.br\/novoportal\/wp-json\/wp\/v2\/comments?post=103381"}],"version-history":[{"count":2,"href":"https:\/\/www.sudoestehoje.com.br\/novoportal\/wp-json\/wp\/v2\/posts\/103381\/revisions"}],"predecessor-version":[{"id":103385,"href":"https:\/\/www.sudoestehoje.com.br\/novoportal\/wp-json\/wp\/v2\/posts\/103381\/revisions\/103385"}],"wp:featuredmedia":[{"embeddable":true,"href":"https:\/\/www.sudoestehoje.com.br\/novoportal\/wp-json\/wp\/v2\/media\/103382"}],"wp:attachment":[{"href":"https:\/\/www.sudoestehoje.com.br\/novoportal\/wp-json\/wp\/v2\/media?parent=103381"}],"wp:term":[{"taxonomy":"category","embeddable":true,"href":"https:\/\/www.sudoestehoje.com.br\/novoportal\/wp-json\/wp\/v2\/categories?post=103381"},{"taxonomy":"post_tag","embeddable":true,"href":"https:\/\/www.sudoestehoje.com.br\/novoportal\/wp-json\/wp\/v2\/tags?post=103381"}],"curies":[{"name":"wp","href":"https:\/\/api.w.org\/{rel}","templated":true}]}}