
{"id":103371,"date":"2022-07-14T09:28:28","date_gmt":"2022-07-14T12:28:28","guid":{"rendered":"https:\/\/www.sudoestehoje.com.br\/novoportal\/?p=103371"},"modified":"2022-07-14T09:47:01","modified_gmt":"2022-07-14T12:47:01","slug":"pec-dos-auxilios-deve-implusionar-o-varejo-segundo-confederacao-do-comercio","status":"publish","type":"post","link":"https:\/\/www.sudoestehoje.com.br\/novoportal\/2022\/07\/14\/pec-dos-auxilios-deve-implusionar-o-varejo-segundo-confederacao-do-comercio\/","title":{"rendered":"PEC DOS AUX\u00cdLIOS DEVE IMPULSIONAR O VAREJO SEGUNDO CONFEDERA\u00c7\u00c3O DO COM\u00c9RCIO"},"content":{"rendered":"<p><a href=\"https:\/\/www.sudoestehoje.com.br\/novoportal\/wp-content\/uploads\/2022\/07\/WhatsApp-Image-2022-07-14-at-09.24.17.jpeg\"><img loading=\"lazy\" decoding=\"async\" class=\"aligncenter size-medium wp-image-103373\" src=\"https:\/\/www.sudoestehoje.com.br\/novoportal\/wp-content\/uploads\/2022\/07\/WhatsApp-Image-2022-07-14-at-09.24.17-500x225.jpeg\" alt=\"\" width=\"500\" height=\"225\" srcset=\"https:\/\/www.sudoestehoje.com.br\/novoportal\/wp-content\/uploads\/2022\/07\/WhatsApp-Image-2022-07-14-at-09.24.17-500x225.jpeg 500w, https:\/\/www.sudoestehoje.com.br\/novoportal\/wp-content\/uploads\/2022\/07\/WhatsApp-Image-2022-07-14-at-09.24.17-700x315.jpeg 700w, https:\/\/www.sudoestehoje.com.br\/novoportal\/wp-content\/uploads\/2022\/07\/WhatsApp-Image-2022-07-14-at-09.24.17-768x346.jpeg 768w, https:\/\/www.sudoestehoje.com.br\/novoportal\/wp-content\/uploads\/2022\/07\/WhatsApp-Image-2022-07-14-at-09.24.17-1536x692.jpeg 1536w, https:\/\/www.sudoestehoje.com.br\/novoportal\/wp-content\/uploads\/2022\/07\/WhatsApp-Image-2022-07-14-at-09.24.17.jpeg 1600w\" sizes=\"auto, (max-width: 500px) 100vw, 500px\" \/><\/a><\/p>\n<p>Criticada por alguns analistas por trazer riscos fiscais, a Proposta de Emenda \u00e0 Constitui\u00e7\u00e3o (PEC) 1\/22 deve injetar R$ 16,3 bilh\u00f5es no varejo brasileiro. A proje\u00e7\u00e3o \u00e9 da Confedera\u00e7\u00e3o Nacional do Com\u00e9rcio (CNC), que elevou a previs\u00e3o para o crescimento do setor este ano de 1,7% para 2% tendo como base os efeitos desta mudan\u00e7a para o varejo.<\/p>\n<p>A PEC dos Aux\u00edlios foi aprovada em segundo turno na C\u00e2mara dos Deputados na quarta-feira (13), contando com voto favor\u00e1vel de 36 dos 39 parlamentares da Bahia na casa.<\/p>\n<p>Agora, a proposi\u00e7\u00e3o segue para a san\u00e7\u00e3o presidencial. A avalia\u00e7\u00e3o \u00e9 de que a mat\u00e9ria crie um impacto fiscal de R$ 41 bilh\u00f5es.<\/p>\n","protected":false},"excerpt":{"rendered":"<p>Criticada por alguns analistas por trazer riscos fiscais, a Proposta de Emenda \u00e0 Constitui\u00e7\u00e3o (PEC) 1\/22 deve injetar R$ 16,3 bilh\u00f5es no varejo brasileiro. A proje\u00e7\u00e3o \u00e9 da Confedera\u00e7\u00e3o Nacional do Com\u00e9rcio (CNC), que elevou a previs\u00e3o para o crescimento do setor este ano de 1,7% para 2% tendo como base os efeitos desta mudan\u00e7a [&hellip;]<\/p>\n","protected":false},"author":2,"featured_media":103373,"comment_status":"open","ping_status":"open","sticky":false,"template":"","format":"standard","meta":{"footnotes":"","_links_to":"","_links_to_target":""},"categories":[1],"tags":[],"class_list":["post-103371","post","type-post","status-publish","format-standard","has-post-thumbnail","hentry","category-geral"],"views":785,"_links":{"self":[{"href":"https:\/\/www.sudoestehoje.com.br\/novoportal\/wp-json\/wp\/v2\/posts\/103371","targetHints":{"allow":["GET"]}}],"collection":[{"href":"https:\/\/www.sudoestehoje.com.br\/novoportal\/wp-json\/wp\/v2\/posts"}],"about":[{"href":"https:\/\/www.sudoestehoje.com.br\/novoportal\/wp-json\/wp\/v2\/types\/post"}],"author":[{"embeddable":true,"href":"https:\/\/www.sudoestehoje.com.br\/novoportal\/wp-json\/wp\/v2\/users\/2"}],"replies":[{"embeddable":true,"href":"https:\/\/www.sudoestehoje.com.br\/novoportal\/wp-json\/wp\/v2\/comments?post=103371"}],"version-history":[{"count":4,"href":"https:\/\/www.sudoestehoje.com.br\/novoportal\/wp-json\/wp\/v2\/posts\/103371\/revisions"}],"predecessor-version":[{"id":103376,"href":"https:\/\/www.sudoestehoje.com.br\/novoportal\/wp-json\/wp\/v2\/posts\/103371\/revisions\/103376"}],"wp:featuredmedia":[{"embeddable":true,"href":"https:\/\/www.sudoestehoje.com.br\/novoportal\/wp-json\/wp\/v2\/media\/103373"}],"wp:attachment":[{"href":"https:\/\/www.sudoestehoje.com.br\/novoportal\/wp-json\/wp\/v2\/media?parent=103371"}],"wp:term":[{"taxonomy":"category","embeddable":true,"href":"https:\/\/www.sudoestehoje.com.br\/novoportal\/wp-json\/wp\/v2\/categories?post=103371"},{"taxonomy":"post_tag","embeddable":true,"href":"https:\/\/www.sudoestehoje.com.br\/novoportal\/wp-json\/wp\/v2\/tags?post=103371"}],"curies":[{"name":"wp","href":"https:\/\/api.w.org\/{rel}","templated":true}]}}