
{"id":103366,"date":"2022-07-13T22:29:51","date_gmt":"2022-07-14T01:29:51","guid":{"rendered":"https:\/\/www.sudoestehoje.com.br\/novoportal\/?p=103366"},"modified":"2022-07-13T22:29:51","modified_gmt":"2022-07-14T01:29:51","slug":"sesab-confirma-primeiro-caso-da-variola-dos-macacos-na-bahia","status":"publish","type":"post","link":"https:\/\/www.sudoestehoje.com.br\/novoportal\/2022\/07\/13\/sesab-confirma-primeiro-caso-da-variola-dos-macacos-na-bahia\/","title":{"rendered":"SESAB CONFIRMA PRIMEIRO CASO DA VAR\u00cdOLA DOS MACACOS NA BAHIA"},"content":{"rendered":"<p><a href=\"https:\/\/www.sudoestehoje.com.br\/novoportal\/wp-content\/uploads\/2022\/07\/brasil-variola-macacos.jpg\"><img loading=\"lazy\" decoding=\"async\" class=\"aligncenter size-medium wp-image-103368\" src=\"https:\/\/www.sudoestehoje.com.br\/novoportal\/wp-content\/uploads\/2022\/07\/brasil-variola-macacos-500x262.jpg\" alt=\"\" width=\"500\" height=\"262\" srcset=\"https:\/\/www.sudoestehoje.com.br\/novoportal\/wp-content\/uploads\/2022\/07\/brasil-variola-macacos-500x262.jpg 500w, https:\/\/www.sudoestehoje.com.br\/novoportal\/wp-content\/uploads\/2022\/07\/brasil-variola-macacos-700x366.jpg 700w, https:\/\/www.sudoestehoje.com.br\/novoportal\/wp-content\/uploads\/2022\/07\/brasil-variola-macacos-768x402.jpg 768w, https:\/\/www.sudoestehoje.com.br\/novoportal\/wp-content\/uploads\/2022\/07\/brasil-variola-macacos.jpg 1200w\" sizes=\"auto, (max-width: 500px) 100vw, 500px\" \/><\/a><\/p>\n<p>A Secretaria da Sa\u00fade da Bahia (Sesab) anunciou, nesta quarta-feira (13), a confirma\u00e7\u00e3o laboratorial do primeiro caso de var\u00edola dos macacos no estado, feita pelos centros de Informa\u00e7\u00f5es Estrat\u00e9gicas em Vigil\u00e2ncia em Sa\u00fade (Cievs) de Salvador e do Estado.<\/p>\n<p>O paciente mora em Salvador e foi internado em unidade hospitalar privada com os tr\u00eas sintomas t\u00edpicos da doen\u00e7a: febre alta de in\u00edcio s\u00fabito, adenomegalia (incha\u00e7o das gl\u00e2ndulas do sistema imunol\u00f3gico no pesco\u00e7o) e erup\u00e7\u00e3o cut\u00e2nea. Hoje, o indiv\u00edduo est\u00e1 isolado na pr\u00f3pria casa.<\/p>\n<p>O monitoramento das pessoas que tiveram contato com o paciente foi iniciado. Al\u00e9m disso, dois outros casos suspeitos, sem liga\u00e7\u00e3o com o confirmado, aguardam resultado do exame laboratorial a ser divulgado nos pr\u00f3ximos dias.sesab<\/p>\n","protected":false},"excerpt":{"rendered":"<p>A Secretaria da Sa\u00fade da Bahia (Sesab) anunciou, nesta quarta-feira (13), a confirma\u00e7\u00e3o laboratorial do primeiro caso de var\u00edola dos macacos no estado, feita pelos centros de Informa\u00e7\u00f5es Estrat\u00e9gicas em Vigil\u00e2ncia em Sa\u00fade (Cievs) de Salvador e do Estado. O paciente mora em Salvador e foi internado em unidade hospitalar privada com os tr\u00eas sintomas [&hellip;]<\/p>\n","protected":false},"author":2,"featured_media":103368,"comment_status":"open","ping_status":"open","sticky":false,"template":"","format":"standard","meta":{"footnotes":"","_links_to":"","_links_to_target":""},"categories":[1],"tags":[],"class_list":["post-103366","post","type-post","status-publish","format-standard","has-post-thumbnail","hentry","category-geral"],"views":801,"_links":{"self":[{"href":"https:\/\/www.sudoestehoje.com.br\/novoportal\/wp-json\/wp\/v2\/posts\/103366","targetHints":{"allow":["GET"]}}],"collection":[{"href":"https:\/\/www.sudoestehoje.com.br\/novoportal\/wp-json\/wp\/v2\/posts"}],"about":[{"href":"https:\/\/www.sudoestehoje.com.br\/novoportal\/wp-json\/wp\/v2\/types\/post"}],"author":[{"embeddable":true,"href":"https:\/\/www.sudoestehoje.com.br\/novoportal\/wp-json\/wp\/v2\/users\/2"}],"replies":[{"embeddable":true,"href":"https:\/\/www.sudoestehoje.com.br\/novoportal\/wp-json\/wp\/v2\/comments?post=103366"}],"version-history":[{"count":2,"href":"https:\/\/www.sudoestehoje.com.br\/novoportal\/wp-json\/wp\/v2\/posts\/103366\/revisions"}],"predecessor-version":[{"id":103369,"href":"https:\/\/www.sudoestehoje.com.br\/novoportal\/wp-json\/wp\/v2\/posts\/103366\/revisions\/103369"}],"wp:featuredmedia":[{"embeddable":true,"href":"https:\/\/www.sudoestehoje.com.br\/novoportal\/wp-json\/wp\/v2\/media\/103368"}],"wp:attachment":[{"href":"https:\/\/www.sudoestehoje.com.br\/novoportal\/wp-json\/wp\/v2\/media?parent=103366"}],"wp:term":[{"taxonomy":"category","embeddable":true,"href":"https:\/\/www.sudoestehoje.com.br\/novoportal\/wp-json\/wp\/v2\/categories?post=103366"},{"taxonomy":"post_tag","embeddable":true,"href":"https:\/\/www.sudoestehoje.com.br\/novoportal\/wp-json\/wp\/v2\/tags?post=103366"}],"curies":[{"name":"wp","href":"https:\/\/api.w.org\/{rel}","templated":true}]}}