
{"id":103356,"date":"2022-07-13T09:27:11","date_gmt":"2022-07-13T12:27:11","guid":{"rendered":"https:\/\/www.sudoestehoje.com.br\/novoportal\/?p=103356"},"modified":"2022-07-13T09:27:11","modified_gmt":"2022-07-13T12:27:11","slug":"eleicoes-ciro-gomes-critica-lula-por-alianca-com-geddel-e-mdb","status":"publish","type":"post","link":"https:\/\/www.sudoestehoje.com.br\/novoportal\/2022\/07\/13\/eleicoes-ciro-gomes-critica-lula-por-alianca-com-geddel-e-mdb\/","title":{"rendered":"ELEI\u00c7\u00d5ES | CIRO GOMES CRITICA LULA POR ALIAN\u00c7A COM GEDDEL E MDB"},"content":{"rendered":"<p><a href=\"https:\/\/www.sudoestehoje.com.br\/novoportal\/wp-content\/uploads\/2022\/07\/ciro_gomes_1200x675_08072022120333-1.jpg\"><img loading=\"lazy\" decoding=\"async\" class=\"aligncenter size-medium wp-image-103358\" src=\"https:\/\/www.sudoestehoje.com.br\/novoportal\/wp-content\/uploads\/2022\/07\/ciro_gomes_1200x675_08072022120333-1-500x281.jpg\" alt=\"\" width=\"500\" height=\"281\" srcset=\"https:\/\/www.sudoestehoje.com.br\/novoportal\/wp-content\/uploads\/2022\/07\/ciro_gomes_1200x675_08072022120333-1-500x281.jpg 500w, https:\/\/www.sudoestehoje.com.br\/novoportal\/wp-content\/uploads\/2022\/07\/ciro_gomes_1200x675_08072022120333-1-700x394.jpg 700w, https:\/\/www.sudoestehoje.com.br\/novoportal\/wp-content\/uploads\/2022\/07\/ciro_gomes_1200x675_08072022120333-1-768x432.jpg 768w, https:\/\/www.sudoestehoje.com.br\/novoportal\/wp-content\/uploads\/2022\/07\/ciro_gomes_1200x675_08072022120333-1.jpg 1200w\" sizes=\"auto, (max-width: 500px) 100vw, 500px\" \/><\/a><\/p>\n<p>O pr\u00e9-candidato \u00e0 presid\u00eancia da Rep\u00fablica pelo PDT, Ciro Gomes, atacou o ex-presidente Luiz In\u00e1cio Lula da Silva (PT) por reatar la\u00e7os com seu ex-ministro Geddel Vieira Lima. Durante entrevista para uma r\u00e1dio, o pedetista voltou a criticar a alian\u00e7a entre o Partido dos Trabalhadores e o MDB, sobretudo na Bahia, onde a legenda tem candidato na chapa majorit\u00e1ria do PT.<\/p>\n<p>\u201cComo \u00e9 que pode voc\u00ea escolher o presidente da sua Rep\u00fablica deixando por menos (a roubalheira)? Voc\u00ea imagina a meninada do PSOL agora tendo que explicar a roubalheira de Renan Calheiros (MDB), de S\u00e9rgio Machado e de Geddel Vieira Lima, com quem o Lula estava e estava e est\u00e1 de novo agarrado hoje. Isso destr\u00f3i uma democracia\u201d, afirmou Ciro.<\/p>\n<p><a href=\"https:\/\/www.sudoestehoje.com.br\/novoportal\/wp-content\/uploads\/2022\/07\/1629838651_61255d3b91c1c-1000x530-1.jpeg\"><img loading=\"lazy\" decoding=\"async\" class=\"aligncenter size-medium wp-image-103357\" src=\"https:\/\/www.sudoestehoje.com.br\/novoportal\/wp-content\/uploads\/2022\/07\/1629838651_61255d3b91c1c-1000x530-1-500x265.jpeg\" alt=\"\" width=\"500\" height=\"265\" srcset=\"https:\/\/www.sudoestehoje.com.br\/novoportal\/wp-content\/uploads\/2022\/07\/1629838651_61255d3b91c1c-1000x530-1-500x265.jpeg 500w, https:\/\/www.sudoestehoje.com.br\/novoportal\/wp-content\/uploads\/2022\/07\/1629838651_61255d3b91c1c-1000x530-1-700x371.jpeg 700w, https:\/\/www.sudoestehoje.com.br\/novoportal\/wp-content\/uploads\/2022\/07\/1629838651_61255d3b91c1c-1000x530-1-768x407.jpeg 768w, https:\/\/www.sudoestehoje.com.br\/novoportal\/wp-content\/uploads\/2022\/07\/1629838651_61255d3b91c1c-1000x530-1.jpeg 1000w\" sizes=\"auto, (max-width: 500px) 100vw, 500px\" \/><\/a><\/p>\n<p>O MDB da Bahia tem o presidente da C\u00e2mara Municipal de Salvador (CMS), Geraldo Jr., como pr\u00e9-candidato a vice de Jer\u00f4nimo Rodrigues (PT) na disputa pelo governo do estado.<\/p>\n<p>\u201cMinha campanha \u00e9 dif\u00edcil, eu n\u00e3o sou o favorito, mas eu tenho chances reais, se eu conseguir virar uma chavezinha. Meu irm\u00e3o, esquece a bola de chumbo do passado e d\u00e1 uma chance para o futuro. E n\u00e3o \u00e9 uma aposta no escuro, eu trago uma biografia\u201d, afirmou Ciro na ocasi\u00e3o.<\/p>\n","protected":false},"excerpt":{"rendered":"<p>O pr\u00e9-candidato \u00e0 presid\u00eancia da Rep\u00fablica pelo PDT, Ciro Gomes, atacou o ex-presidente Luiz In\u00e1cio Lula da Silva (PT) por reatar la\u00e7os com seu ex-ministro Geddel Vieira Lima. Durante entrevista para uma r\u00e1dio, o pedetista voltou a criticar a alian\u00e7a entre o Partido dos Trabalhadores e o MDB, sobretudo na Bahia, onde a legenda tem [&hellip;]<\/p>\n","protected":false},"author":2,"featured_media":103357,"comment_status":"open","ping_status":"open","sticky":false,"template":"","format":"standard","meta":{"footnotes":"","_links_to":"","_links_to_target":""},"categories":[1],"tags":[],"class_list":["post-103356","post","type-post","status-publish","format-standard","has-post-thumbnail","hentry","category-geral"],"views":913,"_links":{"self":[{"href":"https:\/\/www.sudoestehoje.com.br\/novoportal\/wp-json\/wp\/v2\/posts\/103356","targetHints":{"allow":["GET"]}}],"collection":[{"href":"https:\/\/www.sudoestehoje.com.br\/novoportal\/wp-json\/wp\/v2\/posts"}],"about":[{"href":"https:\/\/www.sudoestehoje.com.br\/novoportal\/wp-json\/wp\/v2\/types\/post"}],"author":[{"embeddable":true,"href":"https:\/\/www.sudoestehoje.com.br\/novoportal\/wp-json\/wp\/v2\/users\/2"}],"replies":[{"embeddable":true,"href":"https:\/\/www.sudoestehoje.com.br\/novoportal\/wp-json\/wp\/v2\/comments?post=103356"}],"version-history":[{"count":1,"href":"https:\/\/www.sudoestehoje.com.br\/novoportal\/wp-json\/wp\/v2\/posts\/103356\/revisions"}],"predecessor-version":[{"id":103359,"href":"https:\/\/www.sudoestehoje.com.br\/novoportal\/wp-json\/wp\/v2\/posts\/103356\/revisions\/103359"}],"wp:featuredmedia":[{"embeddable":true,"href":"https:\/\/www.sudoestehoje.com.br\/novoportal\/wp-json\/wp\/v2\/media\/103357"}],"wp:attachment":[{"href":"https:\/\/www.sudoestehoje.com.br\/novoportal\/wp-json\/wp\/v2\/media?parent=103356"}],"wp:term":[{"taxonomy":"category","embeddable":true,"href":"https:\/\/www.sudoestehoje.com.br\/novoportal\/wp-json\/wp\/v2\/categories?post=103356"},{"taxonomy":"post_tag","embeddable":true,"href":"https:\/\/www.sudoestehoje.com.br\/novoportal\/wp-json\/wp\/v2\/tags?post=103356"}],"curies":[{"name":"wp","href":"https:\/\/api.w.org\/{rel}","templated":true}]}}