
{"id":103343,"date":"2022-07-12T11:03:32","date_gmt":"2022-07-12T14:03:32","guid":{"rendered":"https:\/\/www.sudoestehoje.com.br\/novoportal\/?p=103343"},"modified":"2022-07-12T11:27:37","modified_gmt":"2022-07-12T14:27:37","slug":"eleicoes-a-planilha-salgada-de-tiquinho-valdeir-e-romildo-teixeira","status":"publish","type":"post","link":"https:\/\/www.sudoestehoje.com.br\/novoportal\/2022\/07\/12\/eleicoes-a-planilha-salgada-de-tiquinho-valdeir-e-romildo-teixeira\/","title":{"rendered":"ELEI\u00c7\u00d5ES | A PLANILHA &#8216;SALGADA&#8217; DE TIQUINHO, VALDEIR E ROMILDO TEIXEIRA"},"content":{"rendered":"<p><a href=\"https:\/\/www.sudoestehoje.com.br\/novoportal\/wp-content\/uploads\/2022\/07\/IMAGEM_NOTICIA_0-1.jpg\"><img loading=\"lazy\" decoding=\"async\" class=\"aligncenter size-medium wp-image-103344\" src=\"https:\/\/www.sudoestehoje.com.br\/novoportal\/wp-content\/uploads\/2022\/07\/IMAGEM_NOTICIA_0-1-500x333.jpg\" alt=\"\" width=\"500\" height=\"333\" srcset=\"https:\/\/www.sudoestehoje.com.br\/novoportal\/wp-content\/uploads\/2022\/07\/IMAGEM_NOTICIA_0-1-500x333.jpg 500w, https:\/\/www.sudoestehoje.com.br\/novoportal\/wp-content\/uploads\/2022\/07\/IMAGEM_NOTICIA_0-1-700x467.jpg 700w, https:\/\/www.sudoestehoje.com.br\/novoportal\/wp-content\/uploads\/2022\/07\/IMAGEM_NOTICIA_0-1-768x512.jpg 768w, https:\/\/www.sudoestehoje.com.br\/novoportal\/wp-content\/uploads\/2022\/07\/IMAGEM_NOTICIA_0-1.jpg 1200w\" sizes=\"auto, (max-width: 500px) 100vw, 500px\" \/><\/a><\/p>\n<p>O vereador Tiquinho, que ainda preside o PDT em Itapetinga, deve romper com o deputado Felix Mendon\u00e7a Junior nos pr\u00f3ximos dias e apoiar o tamb\u00e9m pedetista L\u00e9o Prates, ex-secret\u00e1rio de Sa\u00fade de Salvador, que tamb\u00e9m concorre a uma vaga na C\u00e2mara Federal.<\/p>\n<p>Corre nos bastidores que a planilha de campanha de Tiquinho, Romildo e Valdeir apresentada ao antigo correligion\u00e1rio foi <em>\u201cmuito salgada\u201d<\/em> e acabou espantando F\u00e9lix Mendon\u00e7a Junior, deputado experiente e calejado em custos de campanhas eleitorais, que teve <strong>240 mil bons motivos para pular fora<\/strong>. Ser\u00e1 que L\u00e9o Prates topou?<\/p>\n<p><strong><em>Por Davi Ferraz<\/em><\/strong><\/p>\n","protected":false},"excerpt":{"rendered":"<p>O vereador Tiquinho, que ainda preside o PDT em Itapetinga, deve romper com o deputado Felix Mendon\u00e7a Junior nos pr\u00f3ximos dias e apoiar o tamb\u00e9m pedetista L\u00e9o Prates, ex-secret\u00e1rio de Sa\u00fade de Salvador, que tamb\u00e9m concorre a uma vaga na C\u00e2mara Federal. Corre nos bastidores que a planilha de campanha de Tiquinho, Romildo e Valdeir [&hellip;]<\/p>\n","protected":false},"author":2,"featured_media":103344,"comment_status":"open","ping_status":"open","sticky":false,"template":"","format":"standard","meta":{"footnotes":"","_links_to":"","_links_to_target":""},"categories":[1],"tags":[],"class_list":["post-103343","post","type-post","status-publish","format-standard","has-post-thumbnail","hentry","category-geral"],"views":1060,"_links":{"self":[{"href":"https:\/\/www.sudoestehoje.com.br\/novoportal\/wp-json\/wp\/v2\/posts\/103343","targetHints":{"allow":["GET"]}}],"collection":[{"href":"https:\/\/www.sudoestehoje.com.br\/novoportal\/wp-json\/wp\/v2\/posts"}],"about":[{"href":"https:\/\/www.sudoestehoje.com.br\/novoportal\/wp-json\/wp\/v2\/types\/post"}],"author":[{"embeddable":true,"href":"https:\/\/www.sudoestehoje.com.br\/novoportal\/wp-json\/wp\/v2\/users\/2"}],"replies":[{"embeddable":true,"href":"https:\/\/www.sudoestehoje.com.br\/novoportal\/wp-json\/wp\/v2\/comments?post=103343"}],"version-history":[{"count":3,"href":"https:\/\/www.sudoestehoje.com.br\/novoportal\/wp-json\/wp\/v2\/posts\/103343\/revisions"}],"predecessor-version":[{"id":103347,"href":"https:\/\/www.sudoestehoje.com.br\/novoportal\/wp-json\/wp\/v2\/posts\/103343\/revisions\/103347"}],"wp:featuredmedia":[{"embeddable":true,"href":"https:\/\/www.sudoestehoje.com.br\/novoportal\/wp-json\/wp\/v2\/media\/103344"}],"wp:attachment":[{"href":"https:\/\/www.sudoestehoje.com.br\/novoportal\/wp-json\/wp\/v2\/media?parent=103343"}],"wp:term":[{"taxonomy":"category","embeddable":true,"href":"https:\/\/www.sudoestehoje.com.br\/novoportal\/wp-json\/wp\/v2\/categories?post=103343"},{"taxonomy":"post_tag","embeddable":true,"href":"https:\/\/www.sudoestehoje.com.br\/novoportal\/wp-json\/wp\/v2\/tags?post=103343"}],"curies":[{"name":"wp","href":"https:\/\/api.w.org\/{rel}","templated":true}]}}