
{"id":103340,"date":"2022-07-12T10:50:43","date_gmt":"2022-07-12T13:50:43","guid":{"rendered":"https:\/\/www.sudoestehoje.com.br\/novoportal\/?p=103340"},"modified":"2022-07-12T10:50:43","modified_gmt":"2022-07-12T13:50:43","slug":"itapetinga-juscelino-e-gustavo-coordenam-campanha-de-felix-jr","status":"publish","type":"post","link":"https:\/\/www.sudoestehoje.com.br\/novoportal\/2022\/07\/12\/itapetinga-juscelino-e-gustavo-coordenam-campanha-de-felix-jr\/","title":{"rendered":"ITAPETINGA | JUSCELINO E GUSTAVO COORDENAM CAMPANHA DE F\u00c9LIX JR?"},"content":{"rendered":"<p><a href=\"https:\/\/www.sudoestehoje.com.br\/novoportal\/wp-content\/uploads\/2022\/07\/WhatsApp-Image-2022-07-06-at-08.55.26-1000x530-1.jpeg\"><img loading=\"lazy\" decoding=\"async\" class=\"aligncenter size-medium wp-image-103337\" src=\"https:\/\/www.sudoestehoje.com.br\/novoportal\/wp-content\/uploads\/2022\/07\/WhatsApp-Image-2022-07-06-at-08.55.26-1000x530-1-500x335.jpeg\" alt=\"\" width=\"500\" height=\"335\" srcset=\"https:\/\/www.sudoestehoje.com.br\/novoportal\/wp-content\/uploads\/2022\/07\/WhatsApp-Image-2022-07-06-at-08.55.26-1000x530-1-500x335.jpeg 500w, https:\/\/www.sudoestehoje.com.br\/novoportal\/wp-content\/uploads\/2022\/07\/WhatsApp-Image-2022-07-06-at-08.55.26-1000x530-1.jpeg 543w\" sizes=\"auto, (max-width: 500px) 100vw, 500px\" \/><\/a><\/p>\n<p>Na pr\u00f3xima semana, o experiente Juscelino Gomes (PSC) dever\u00e1 assumir a vaga de Neto Ferraz na c\u00e2mara de vereadores de Itapetinga. Neto Ferraz vai para a coordenadoria da Comutran, enquanto Claudio Souza assume o comando da Defesa Civil no munic\u00edpio.<\/p>\n<p>Apesar de pertencer ao PSC (Partido Social Crist\u00e3o), Juscelino Gomes corre nos bastidores deve coordenar a campanha do pedetista Felix Mendon\u00e7a a deputado federal, por la\u00e7os familiares, com o suporte de Gustavo David, secret\u00e1rio municipal de Infraestrutura, que assinou recentemente a ficha de filia\u00e7\u00e3o ao PDT, a convite do pr\u00f3prio deputado Felix Jr.<\/p>\n<p><strong><em>Por Davi Ferraz<\/em><\/strong><\/p>\n","protected":false},"excerpt":{"rendered":"<p>Na pr\u00f3xima semana, o experiente Juscelino Gomes (PSC) dever\u00e1 assumir a vaga de Neto Ferraz na c\u00e2mara de vereadores de Itapetinga. Neto Ferraz vai para a coordenadoria da Comutran, enquanto Claudio Souza assume o comando da Defesa Civil no munic\u00edpio. Apesar de pertencer ao PSC (Partido Social Crist\u00e3o), Juscelino Gomes corre nos bastidores deve coordenar [&hellip;]<\/p>\n","protected":false},"author":2,"featured_media":103337,"comment_status":"open","ping_status":"open","sticky":false,"template":"","format":"standard","meta":{"footnotes":"","_links_to":"","_links_to_target":""},"categories":[1],"tags":[],"class_list":["post-103340","post","type-post","status-publish","format-standard","has-post-thumbnail","hentry","category-geral"],"views":872,"_links":{"self":[{"href":"https:\/\/www.sudoestehoje.com.br\/novoportal\/wp-json\/wp\/v2\/posts\/103340","targetHints":{"allow":["GET"]}}],"collection":[{"href":"https:\/\/www.sudoestehoje.com.br\/novoportal\/wp-json\/wp\/v2\/posts"}],"about":[{"href":"https:\/\/www.sudoestehoje.com.br\/novoportal\/wp-json\/wp\/v2\/types\/post"}],"author":[{"embeddable":true,"href":"https:\/\/www.sudoestehoje.com.br\/novoportal\/wp-json\/wp\/v2\/users\/2"}],"replies":[{"embeddable":true,"href":"https:\/\/www.sudoestehoje.com.br\/novoportal\/wp-json\/wp\/v2\/comments?post=103340"}],"version-history":[{"count":2,"href":"https:\/\/www.sudoestehoje.com.br\/novoportal\/wp-json\/wp\/v2\/posts\/103340\/revisions"}],"predecessor-version":[{"id":103342,"href":"https:\/\/www.sudoestehoje.com.br\/novoportal\/wp-json\/wp\/v2\/posts\/103340\/revisions\/103342"}],"wp:featuredmedia":[{"embeddable":true,"href":"https:\/\/www.sudoestehoje.com.br\/novoportal\/wp-json\/wp\/v2\/media\/103337"}],"wp:attachment":[{"href":"https:\/\/www.sudoestehoje.com.br\/novoportal\/wp-json\/wp\/v2\/media?parent=103340"}],"wp:term":[{"taxonomy":"category","embeddable":true,"href":"https:\/\/www.sudoestehoje.com.br\/novoportal\/wp-json\/wp\/v2\/categories?post=103340"},{"taxonomy":"post_tag","embeddable":true,"href":"https:\/\/www.sudoestehoje.com.br\/novoportal\/wp-json\/wp\/v2\/tags?post=103340"}],"curies":[{"name":"wp","href":"https:\/\/api.w.org\/{rel}","templated":true}]}}