
{"id":103306,"date":"2022-07-11T18:26:02","date_gmt":"2022-07-11T21:26:02","guid":{"rendered":"https:\/\/www.sudoestehoje.com.br\/novoportal\/?p=103306"},"modified":"2022-07-11T18:39:34","modified_gmt":"2022-07-11T21:39:34","slug":"vereador-neto-ferraz-assume-comutran-e-abre-vaga-para-juscelino-gomes-na-camara","status":"publish","type":"post","link":"https:\/\/www.sudoestehoje.com.br\/novoportal\/2022\/07\/11\/vereador-neto-ferraz-assume-comutran-e-abre-vaga-para-juscelino-gomes-na-camara\/","title":{"rendered":"VEREADOR NETO FERRAZ ASSUME COMUTRAN E ABRE VAGA PARA JUSCELINO GOMES NA C\u00c2MARA"},"content":{"rendered":"<p><a href=\"https:\/\/www.sudoestehoje.com.br\/novoportal\/wp-content\/uploads\/2022\/07\/JUSCELINO-4-500x333-1.jpeg\"><img loading=\"lazy\" decoding=\"async\" class=\"aligncenter wp-image-103308\" src=\"https:\/\/www.sudoestehoje.com.br\/novoportal\/wp-content\/uploads\/2022\/07\/JUSCELINO-4-500x333-1.jpeg\" alt=\"\" width=\"499\" height=\"366\" \/><\/a><\/p>\n<p>Uma mudan\u00e7a importante na equipe do prefeito Rodrigo Hagge deve acontecer nos pr\u00f3ximos dias, com a sa\u00edda de Claudio Souza do comando da Comutran, ap\u00f3s 5 anos e meio \u00e0 frente do \u00f3rg\u00e3o municipal de tr\u00e2nsito.<\/p>\n<p>De acordo com informa\u00e7\u00f5es obtidas pelo <em>Sudoeste Hoje<\/em>, o vereador Neto Ferraz (PSC) deve assumir a coordenadoria da Comutran em substitui\u00e7\u00e3o a Cl\u00e1udio, abrindo vaga na C\u00e2mara Municipal para o 1\u00ba suplente do seu partido, Juscelino Gomes.<\/p>\n<p>Tanto o pedido de licen\u00e7a de Neto Ferraz, quanto o decreto de exonera\u00e7\u00e3o de Claudio Souza, devem acontecer no decorrer da semana, para oficializar as substitui\u00e7\u00f5es.<\/p>\n<p>Neto Ferraz e Claudio Carvalho confirmaram as informa\u00e7\u00f5es ao <em>Sudoeste Hoje<\/em>.<\/p>\n<p><strong><em>Por Davi Ferraz\u00a0<\/em><\/strong><\/p>\n","protected":false},"excerpt":{"rendered":"<p>Uma mudan\u00e7a importante na equipe do prefeito Rodrigo Hagge deve acontecer nos pr\u00f3ximos dias, com a sa\u00edda de Claudio Souza do comando da Comutran, ap\u00f3s 5 anos e meio \u00e0 frente do \u00f3rg\u00e3o municipal de tr\u00e2nsito. De acordo com informa\u00e7\u00f5es obtidas pelo Sudoeste Hoje, o vereador Neto Ferraz (PSC) deve assumir a coordenadoria da Comutran [&hellip;]<\/p>\n","protected":false},"author":2,"featured_media":103308,"comment_status":"open","ping_status":"open","sticky":false,"template":"","format":"standard","meta":{"footnotes":"","_links_to":"","_links_to_target":""},"categories":[1],"tags":[],"class_list":["post-103306","post","type-post","status-publish","format-standard","has-post-thumbnail","hentry","category-geral"],"views":1133,"_links":{"self":[{"href":"https:\/\/www.sudoestehoje.com.br\/novoportal\/wp-json\/wp\/v2\/posts\/103306","targetHints":{"allow":["GET"]}}],"collection":[{"href":"https:\/\/www.sudoestehoje.com.br\/novoportal\/wp-json\/wp\/v2\/posts"}],"about":[{"href":"https:\/\/www.sudoestehoje.com.br\/novoportal\/wp-json\/wp\/v2\/types\/post"}],"author":[{"embeddable":true,"href":"https:\/\/www.sudoestehoje.com.br\/novoportal\/wp-json\/wp\/v2\/users\/2"}],"replies":[{"embeddable":true,"href":"https:\/\/www.sudoestehoje.com.br\/novoportal\/wp-json\/wp\/v2\/comments?post=103306"}],"version-history":[{"count":4,"href":"https:\/\/www.sudoestehoje.com.br\/novoportal\/wp-json\/wp\/v2\/posts\/103306\/revisions"}],"predecessor-version":[{"id":103311,"href":"https:\/\/www.sudoestehoje.com.br\/novoportal\/wp-json\/wp\/v2\/posts\/103306\/revisions\/103311"}],"wp:featuredmedia":[{"embeddable":true,"href":"https:\/\/www.sudoestehoje.com.br\/novoportal\/wp-json\/wp\/v2\/media\/103308"}],"wp:attachment":[{"href":"https:\/\/www.sudoestehoje.com.br\/novoportal\/wp-json\/wp\/v2\/media?parent=103306"}],"wp:term":[{"taxonomy":"category","embeddable":true,"href":"https:\/\/www.sudoestehoje.com.br\/novoportal\/wp-json\/wp\/v2\/categories?post=103306"},{"taxonomy":"post_tag","embeddable":true,"href":"https:\/\/www.sudoestehoje.com.br\/novoportal\/wp-json\/wp\/v2\/tags?post=103306"}],"curies":[{"name":"wp","href":"https:\/\/api.w.org\/{rel}","templated":true}]}}