
{"id":103300,"date":"2022-07-11T17:45:07","date_gmt":"2022-07-11T20:45:07","guid":{"rendered":"https:\/\/www.sudoestehoje.com.br\/novoportal\/?p=103300"},"modified":"2022-07-11T17:45:07","modified_gmt":"2022-07-11T20:45:07","slug":"regiao-novos-vereadores-de-caatiba-assumem-mandatos-a-partir-desta-segunda","status":"publish","type":"post","link":"https:\/\/www.sudoestehoje.com.br\/novoportal\/2022\/07\/11\/regiao-novos-vereadores-de-caatiba-assumem-mandatos-a-partir-desta-segunda\/","title":{"rendered":"REGI\u00c3O | NOVOS VEREADORES DE CAATIBA ASSUMEM MANDATOS A PARTIR DESTA SEGUNDA"},"content":{"rendered":"<p><a href=\"https:\/\/www.sudoestehoje.com.br\/novoportal\/wp-content\/uploads\/2022\/07\/WhatsApp-Image-2022-07-11-at-17.19.00.jpeg\"><img loading=\"lazy\" decoding=\"async\" class=\"aligncenter size-medium wp-image-103301\" src=\"https:\/\/www.sudoestehoje.com.br\/novoportal\/wp-content\/uploads\/2022\/07\/WhatsApp-Image-2022-07-11-at-17.19.00-500x375.jpeg\" alt=\"\" width=\"500\" height=\"375\" srcset=\"https:\/\/www.sudoestehoje.com.br\/novoportal\/wp-content\/uploads\/2022\/07\/WhatsApp-Image-2022-07-11-at-17.19.00-500x375.jpeg 500w, https:\/\/www.sudoestehoje.com.br\/novoportal\/wp-content\/uploads\/2022\/07\/WhatsApp-Image-2022-07-11-at-17.19.00-700x525.jpeg 700w, https:\/\/www.sudoestehoje.com.br\/novoportal\/wp-content\/uploads\/2022\/07\/WhatsApp-Image-2022-07-11-at-17.19.00-768x576.jpeg 768w, https:\/\/www.sudoestehoje.com.br\/novoportal\/wp-content\/uploads\/2022\/07\/WhatsApp-Image-2022-07-11-at-17.19.00-1536x1152.jpeg 1536w, https:\/\/www.sudoestehoje.com.br\/novoportal\/wp-content\/uploads\/2022\/07\/WhatsApp-Image-2022-07-11-at-17.19.00.jpeg 1600w\" sizes=\"auto, (max-width: 500px) 100vw, 500px\" \/><\/a><\/p>\n<p>Na manh\u00e3 desta segunda-feira (11), na sede da C\u00e2mara Municipal de Caatiba, tomaram posse e assumiram seus mandatos eletivos os novos vereadores <strong>Gileno Rold\u00e3o (PL), Marileide da Anuncia\u00e7\u00e3o (PSD), Idelfonso Lima Junior (PSD)<\/strong> e<strong> Miqueias Santos Barreto (PSD),<\/strong> ap\u00f3s perda dos mandatos de quatro vereadores do PSB, por decis\u00e3o do TSE.<\/p>\n<p>Os novos vereadores passam agora a integrar a bancada da prefeita T\u00e2nia Ribeiro, que governa o munic\u00edpio pelo segundo mandato consecutivo e vem realizando uma excelente gest\u00e3o como chefe do executivo municipal.<\/p>\n<p>Na nova composi\u00e7\u00e3o, a bancada da situa\u00e7\u00e3o passa a contar com nove vereadores, a totalidade da composi\u00e7\u00e3o da c\u00e2mara municipal.<\/p>\n<p><strong><em>Por Davi Ferraz<\/em><\/strong><\/p>\n","protected":false},"excerpt":{"rendered":"<p>Na manh\u00e3 desta segunda-feira (11), na sede da C\u00e2mara Municipal de Caatiba, tomaram posse e assumiram seus mandatos eletivos os novos vereadores Gileno Rold\u00e3o (PL), Marileide da Anuncia\u00e7\u00e3o (PSD), Idelfonso Lima Junior (PSD) e Miqueias Santos Barreto (PSD), ap\u00f3s perda dos mandatos de quatro vereadores do PSB, por decis\u00e3o do TSE. Os novos vereadores passam [&hellip;]<\/p>\n","protected":false},"author":2,"featured_media":103301,"comment_status":"open","ping_status":"open","sticky":false,"template":"","format":"standard","meta":{"footnotes":"","_links_to":"","_links_to_target":""},"categories":[1],"tags":[],"class_list":["post-103300","post","type-post","status-publish","format-standard","has-post-thumbnail","hentry","category-geral"],"views":1124,"_links":{"self":[{"href":"https:\/\/www.sudoestehoje.com.br\/novoportal\/wp-json\/wp\/v2\/posts\/103300","targetHints":{"allow":["GET"]}}],"collection":[{"href":"https:\/\/www.sudoestehoje.com.br\/novoportal\/wp-json\/wp\/v2\/posts"}],"about":[{"href":"https:\/\/www.sudoestehoje.com.br\/novoportal\/wp-json\/wp\/v2\/types\/post"}],"author":[{"embeddable":true,"href":"https:\/\/www.sudoestehoje.com.br\/novoportal\/wp-json\/wp\/v2\/users\/2"}],"replies":[{"embeddable":true,"href":"https:\/\/www.sudoestehoje.com.br\/novoportal\/wp-json\/wp\/v2\/comments?post=103300"}],"version-history":[{"count":1,"href":"https:\/\/www.sudoestehoje.com.br\/novoportal\/wp-json\/wp\/v2\/posts\/103300\/revisions"}],"predecessor-version":[{"id":103302,"href":"https:\/\/www.sudoestehoje.com.br\/novoportal\/wp-json\/wp\/v2\/posts\/103300\/revisions\/103302"}],"wp:featuredmedia":[{"embeddable":true,"href":"https:\/\/www.sudoestehoje.com.br\/novoportal\/wp-json\/wp\/v2\/media\/103301"}],"wp:attachment":[{"href":"https:\/\/www.sudoestehoje.com.br\/novoportal\/wp-json\/wp\/v2\/media?parent=103300"}],"wp:term":[{"taxonomy":"category","embeddable":true,"href":"https:\/\/www.sudoestehoje.com.br\/novoportal\/wp-json\/wp\/v2\/categories?post=103300"},{"taxonomy":"post_tag","embeddable":true,"href":"https:\/\/www.sudoestehoje.com.br\/novoportal\/wp-json\/wp\/v2\/tags?post=103300"}],"curies":[{"name":"wp","href":"https:\/\/api.w.org\/{rel}","templated":true}]}}