
{"id":103292,"date":"2022-07-11T17:09:47","date_gmt":"2022-07-11T20:09:47","guid":{"rendered":"https:\/\/www.sudoestehoje.com.br\/novoportal\/?p=103292"},"modified":"2022-07-11T17:13:08","modified_gmt":"2022-07-11T20:13:08","slug":"canavieiras-valderico-participa-da-festa-de-sao-boaventura-ao-lado-de-acm-neto-e-caca","status":"publish","type":"post","link":"https:\/\/www.sudoestehoje.com.br\/novoportal\/2022\/07\/11\/canavieiras-valderico-participa-da-festa-de-sao-boaventura-ao-lado-de-acm-neto-e-caca\/","title":{"rendered":"CANAVIEIRAS | VALDERICO PARTICIPA DA &#8216;FESTA DE S\u00c3O BOAVENTURA&#8217; AO LADO DE ACM NETO E CAC\u00c1"},"content":{"rendered":"<p><a href=\"https:\/\/www.sudoestehoje.com.br\/novoportal\/wp-content\/uploads\/2022\/07\/WhatsApp-Image-2022-07-11-at-17.07.02.jpeg\"><img loading=\"lazy\" decoding=\"async\" class=\"aligncenter size-medium wp-image-103295\" src=\"https:\/\/www.sudoestehoje.com.br\/novoportal\/wp-content\/uploads\/2022\/07\/WhatsApp-Image-2022-07-11-at-17.07.02-500x393.jpeg\" alt=\"\" width=\"500\" height=\"393\" srcset=\"https:\/\/www.sudoestehoje.com.br\/novoportal\/wp-content\/uploads\/2022\/07\/WhatsApp-Image-2022-07-11-at-17.07.02-500x393.jpeg 500w, https:\/\/www.sudoestehoje.com.br\/novoportal\/wp-content\/uploads\/2022\/07\/WhatsApp-Image-2022-07-11-at-17.07.02-700x550.jpeg 700w, https:\/\/www.sudoestehoje.com.br\/novoportal\/wp-content\/uploads\/2022\/07\/WhatsApp-Image-2022-07-11-at-17.07.02-768x603.jpeg 768w, https:\/\/www.sudoestehoje.com.br\/novoportal\/wp-content\/uploads\/2022\/07\/WhatsApp-Image-2022-07-11-at-17.07.02.jpeg 1071w\" sizes=\"auto, (max-width: 500px) 100vw, 500px\" \/><\/a><\/p>\n<p>O pr\u00e9-candidato a deputado federal Valderico |Junior (UB) participou, neste domingo, da tradicional &#8216;Festa de S\u00e3o Boaventura&#8217; na cidade de Canavieiras, no Sul do estado, ao lado do pr\u00e9-candidato ao governo da Bahia, ACM Neto (UB) e do pr\u00e9-candidato ao senado Cac\u00e1 Le\u00e3o (PP).<\/p>\n<p>Valderico, que disputou a elei\u00e7\u00e3o municipal de 2020 como candidato a prefeito de Ilh\u00e9us, vem crescendo no Sul do estado e se destacando como um dos prov\u00e1veis eleitos pela chapa de oposi\u00e7\u00e3o a uma vaga na C\u00e2mara Federal,\u00a0 nas elei\u00e7\u00f5es de outubro.<\/p>\n<p><em>&#8220;Participei da Festa de S\u00e3o Boaventura, em Canavieiras, ao lado do nosso futuro governador ACM Neto e do nosso futuro senador Cac\u00e1 Le\u00e3o.\u00a0Um domingo de reafirma\u00e7\u00e3o do que temos visto e sentido em todas as regi\u00f5es do estado: chegou a hora de um novo ciclo pol\u00edtico&#8221;<\/em> disse Valderico em mensagem postada nas redes sociais. <em>Veja v\u00eddeo:<\/em><\/p>\n<div style=\"width: 480px;\" class=\"wp-video\"><!--[if lt IE 9]><script>document.createElement('video');<\/script><![endif]-->\n<video class=\"wp-video-shortcode\" id=\"video-103292-1\" width=\"480\" height=\"848\" preload=\"metadata\" controls=\"controls\"><source type=\"video\/mp4\" src=\"https:\/\/www.sudoestehoje.com.br\/novoportal\/wp-content\/uploads\/2022\/07\/WhatsApp-Video-2022-07-11-at-10.49.39.mp4?_=1\" \/><a href=\"https:\/\/www.sudoestehoje.com.br\/novoportal\/wp-content\/uploads\/2022\/07\/WhatsApp-Video-2022-07-11-at-10.49.39.mp4\">https:\/\/www.sudoestehoje.com.br\/novoportal\/wp-content\/uploads\/2022\/07\/WhatsApp-Video-2022-07-11-at-10.49.39.mp4<\/a><\/video><\/div>\n<p><strong><em>Por Davi Ferraz<\/em><\/strong><\/p>\n","protected":false},"excerpt":{"rendered":"<p>O pr\u00e9-candidato a deputado federal Valderico |Junior (UB) participou, neste domingo, da tradicional &#8216;Festa de S\u00e3o Boaventura&#8217; na cidade de Canavieiras, no Sul do estado, ao lado do pr\u00e9-candidato ao governo da Bahia, ACM Neto (UB) e do pr\u00e9-candidato ao senado Cac\u00e1 Le\u00e3o (PP). Valderico, que disputou a elei\u00e7\u00e3o municipal de 2020 como candidato a [&hellip;]<\/p>\n","protected":false},"author":2,"featured_media":103295,"comment_status":"open","ping_status":"open","sticky":false,"template":"","format":"standard","meta":{"footnotes":"","_links_to":"","_links_to_target":""},"categories":[1],"tags":[],"class_list":["post-103292","post","type-post","status-publish","format-standard","has-post-thumbnail","hentry","category-geral"],"views":827,"_links":{"self":[{"href":"https:\/\/www.sudoestehoje.com.br\/novoportal\/wp-json\/wp\/v2\/posts\/103292","targetHints":{"allow":["GET"]}}],"collection":[{"href":"https:\/\/www.sudoestehoje.com.br\/novoportal\/wp-json\/wp\/v2\/posts"}],"about":[{"href":"https:\/\/www.sudoestehoje.com.br\/novoportal\/wp-json\/wp\/v2\/types\/post"}],"author":[{"embeddable":true,"href":"https:\/\/www.sudoestehoje.com.br\/novoportal\/wp-json\/wp\/v2\/users\/2"}],"replies":[{"embeddable":true,"href":"https:\/\/www.sudoestehoje.com.br\/novoportal\/wp-json\/wp\/v2\/comments?post=103292"}],"version-history":[{"count":4,"href":"https:\/\/www.sudoestehoje.com.br\/novoportal\/wp-json\/wp\/v2\/posts\/103292\/revisions"}],"predecessor-version":[{"id":103299,"href":"https:\/\/www.sudoestehoje.com.br\/novoportal\/wp-json\/wp\/v2\/posts\/103292\/revisions\/103299"}],"wp:featuredmedia":[{"embeddable":true,"href":"https:\/\/www.sudoestehoje.com.br\/novoportal\/wp-json\/wp\/v2\/media\/103295"}],"wp:attachment":[{"href":"https:\/\/www.sudoestehoje.com.br\/novoportal\/wp-json\/wp\/v2\/media?parent=103292"}],"wp:term":[{"taxonomy":"category","embeddable":true,"href":"https:\/\/www.sudoestehoje.com.br\/novoportal\/wp-json\/wp\/v2\/categories?post=103292"},{"taxonomy":"post_tag","embeddable":true,"href":"https:\/\/www.sudoestehoje.com.br\/novoportal\/wp-json\/wp\/v2\/tags?post=103292"}],"curies":[{"name":"wp","href":"https:\/\/api.w.org\/{rel}","templated":true}]}}