
{"id":103284,"date":"2022-07-09T18:01:35","date_gmt":"2022-07-09T21:01:35","guid":{"rendered":"https:\/\/www.sudoestehoje.com.br\/novoportal\/?p=103284"},"modified":"2022-07-09T19:47:15","modified_gmt":"2022-07-09T22:47:15","slug":"12-cidades-do-sudoeste-da-bahia-decretam-situacao-de-emergencia-por-causa-da-seca","status":"publish","type":"post","link":"https:\/\/www.sudoestehoje.com.br\/novoportal\/2022\/07\/09\/12-cidades-do-sudoeste-da-bahia-decretam-situacao-de-emergencia-por-causa-da-seca\/","title":{"rendered":"17 CIDADES DO SUDOESTE DA BAHIA DECRETAM SITUA\u00c7\u00c3O DE EMERG\u00caNCIA POR CAUSA DA SECA"},"content":{"rendered":"<div class=\"mc-column content-text active-extra-styles \" data-block-type=\"unstyled\" data-block-weight=\"31\" data-block-id=\"2\">\n<p data-track-category=\"Link no Texto\" data-track-links=\"\"><a href=\"https:\/\/www.sudoestehoje.com.br\/novoportal\/wp-content\/uploads\/2022\/07\/andorinha-seca-semi-\u00e1rido-caatinga.jpg\"><img loading=\"lazy\" decoding=\"async\" class=\"aligncenter size-medium wp-image-103286\" src=\"https:\/\/www.sudoestehoje.com.br\/novoportal\/wp-content\/uploads\/2022\/07\/andorinha-seca-semi-\u00e1rido-caatinga-500x340.jpg\" alt=\"\" width=\"500\" height=\"340\" srcset=\"https:\/\/www.sudoestehoje.com.br\/novoportal\/wp-content\/uploads\/2022\/07\/andorinha-seca-semi-\u00e1rido-caatinga-500x340.jpg 500w, https:\/\/www.sudoestehoje.com.br\/novoportal\/wp-content\/uploads\/2022\/07\/andorinha-seca-semi-\u00e1rido-caatinga.jpg 600w\" sizes=\"auto, (max-width: 500px) 100vw, 500px\" \/><\/a><\/p>\n<p class=\"content-text__container \" data-track-category=\"Link no Texto\" data-track-links=\"\">Dezessete cidades do sudoeste da Bahia decretaram situa\u00e7\u00e3o de emerg\u00eancia por causa da seca que atinge a regi\u00e3o. O decreto \u00e9 v\u00e1lido por 180 dias.<\/p>\n<\/div>\n<div class=\"wall protected-content\">\n<div class=\"mc-column content-text active-extra-styles \" data-block-type=\"unstyled\" data-block-weight=\"34\" data-block-id=\"3\">\n<p class=\"content-text__container \" data-track-category=\"Link no Texto\" data-track-links=\"\">Segundo a Esta\u00e7\u00e3o Meteorol\u00f3gica da Universidade Estadual do Sudoeste da Bahia (UESB), a previs\u00e3o \u00e9 de que a estiagem permane\u00e7a at\u00e9 o m\u00eas de outubro, quando as chuvas devem voltar a cair na regi\u00e3o. <em>Confira munic\u00edpios:<\/em><\/p>\n<div class=\"mc-column content-text active-extra-styles\" data-block-type=\"raw\" data-block-weight=\"27\" data-block-id=\"9\">\n<ul class=\"content-unordered-list\">\n<li><strong>Anag\u00e9;<\/strong><\/li>\n<li><strong>Aracatu;<\/strong><\/li>\n<li><strong>Belo Campo;<\/strong><\/li>\n<li><strong>Boa Nova;<\/strong><\/li>\n<li><strong>Caetanos;<\/strong><\/li>\n<li><strong>Dom Bas\u00edlio;<\/strong><\/li>\n<li><strong>Jequi\u00e9;<\/strong><\/li>\n<li><strong>Lajedo do Tabocal;<\/strong><\/li>\n<li><strong>Livramento de Nossa Senhora;<\/strong><\/li>\n<li><strong>Maetinga;<\/strong><\/li>\n<li><strong>Marac\u00e1s;<\/strong><\/li>\n<li><strong>Mirante;<\/strong><\/li>\n<li><strong>Pirip\u00e1;<\/strong><\/li>\n<li><strong>Planalto;<\/strong><\/li>\n<li><strong>Po\u00e7\u00f5es;<\/strong><\/li>\n<li><strong>Rio do Ant\u00f4nio;<\/strong><\/li>\n<li><strong>Tremedal.<\/strong><\/li>\n<\/ul>\n<\/div>\n<\/div>\n<\/div>\n","protected":false},"excerpt":{"rendered":"<p>Dezessete cidades do sudoeste da Bahia decretaram situa\u00e7\u00e3o de emerg\u00eancia por causa da seca que atinge a regi\u00e3o. O decreto \u00e9 v\u00e1lido por 180 dias. Segundo a Esta\u00e7\u00e3o Meteorol\u00f3gica da Universidade Estadual do Sudoeste da Bahia (UESB), a previs\u00e3o \u00e9 de que a estiagem permane\u00e7a at\u00e9 o m\u00eas de outubro, quando as chuvas devem voltar [&hellip;]<\/p>\n","protected":false},"author":2,"featured_media":103286,"comment_status":"open","ping_status":"open","sticky":false,"template":"","format":"standard","meta":{"footnotes":"","_links_to":"","_links_to_target":""},"categories":[1],"tags":[],"class_list":["post-103284","post","type-post","status-publish","format-standard","has-post-thumbnail","hentry","category-geral"],"views":1044,"_links":{"self":[{"href":"https:\/\/www.sudoestehoje.com.br\/novoportal\/wp-json\/wp\/v2\/posts\/103284","targetHints":{"allow":["GET"]}}],"collection":[{"href":"https:\/\/www.sudoestehoje.com.br\/novoportal\/wp-json\/wp\/v2\/posts"}],"about":[{"href":"https:\/\/www.sudoestehoje.com.br\/novoportal\/wp-json\/wp\/v2\/types\/post"}],"author":[{"embeddable":true,"href":"https:\/\/www.sudoestehoje.com.br\/novoportal\/wp-json\/wp\/v2\/users\/2"}],"replies":[{"embeddable":true,"href":"https:\/\/www.sudoestehoje.com.br\/novoportal\/wp-json\/wp\/v2\/comments?post=103284"}],"version-history":[{"count":6,"href":"https:\/\/www.sudoestehoje.com.br\/novoportal\/wp-json\/wp\/v2\/posts\/103284\/revisions"}],"predecessor-version":[{"id":103291,"href":"https:\/\/www.sudoestehoje.com.br\/novoportal\/wp-json\/wp\/v2\/posts\/103284\/revisions\/103291"}],"wp:featuredmedia":[{"embeddable":true,"href":"https:\/\/www.sudoestehoje.com.br\/novoportal\/wp-json\/wp\/v2\/media\/103286"}],"wp:attachment":[{"href":"https:\/\/www.sudoestehoje.com.br\/novoportal\/wp-json\/wp\/v2\/media?parent=103284"}],"wp:term":[{"taxonomy":"category","embeddable":true,"href":"https:\/\/www.sudoestehoje.com.br\/novoportal\/wp-json\/wp\/v2\/categories?post=103284"},{"taxonomy":"post_tag","embeddable":true,"href":"https:\/\/www.sudoestehoje.com.br\/novoportal\/wp-json\/wp\/v2\/tags?post=103284"}],"curies":[{"name":"wp","href":"https:\/\/api.w.org\/{rel}","templated":true}]}}