
{"id":103271,"date":"2022-07-08T23:21:48","date_gmt":"2022-07-09T02:21:48","guid":{"rendered":"https:\/\/www.sudoestehoje.com.br\/novoportal\/?p=103271"},"modified":"2022-07-09T17:42:10","modified_gmt":"2022-07-09T20:42:10","slug":"obras-de-requalificacao-do-parque-da-lagoa-avancam-em-ritmo-acelerado","status":"publish","type":"post","link":"https:\/\/www.sudoestehoje.com.br\/novoportal\/2022\/07\/08\/obras-de-requalificacao-do-parque-da-lagoa-avancam-em-ritmo-acelerado\/","title":{"rendered":"OBRAS DE REQUALIFICA\u00c7\u00c3O DO PARQUE DA LAGOA AVAN\u00c7AM EM RITMO ACELERADO"},"content":{"rendered":"<p><a href=\"https:\/\/www.sudoestehoje.com.br\/novoportal\/wp-content\/uploads\/2022\/07\/WhatsApp-Image-2022-07-08-at-23.14.10.jpeg\"><img loading=\"lazy\" decoding=\"async\" class=\"aligncenter size-medium wp-image-103276\" src=\"https:\/\/www.sudoestehoje.com.br\/novoportal\/wp-content\/uploads\/2022\/07\/WhatsApp-Image-2022-07-08-at-23.14.10-500x282.jpeg\" alt=\"\" width=\"500\" height=\"282\" srcset=\"https:\/\/www.sudoestehoje.com.br\/novoportal\/wp-content\/uploads\/2022\/07\/WhatsApp-Image-2022-07-08-at-23.14.10-500x282.jpeg 500w, https:\/\/www.sudoestehoje.com.br\/novoportal\/wp-content\/uploads\/2022\/07\/WhatsApp-Image-2022-07-08-at-23.14.10-700x394.jpeg 700w, https:\/\/www.sudoestehoje.com.br\/novoportal\/wp-content\/uploads\/2022\/07\/WhatsApp-Image-2022-07-08-at-23.14.10-768x432.jpeg 768w, https:\/\/www.sudoestehoje.com.br\/novoportal\/wp-content\/uploads\/2022\/07\/WhatsApp-Image-2022-07-08-at-23.14.10-1536x865.jpeg 1536w, https:\/\/www.sudoestehoje.com.br\/novoportal\/wp-content\/uploads\/2022\/07\/WhatsApp-Image-2022-07-08-at-23.14.10.jpeg 1600w\" sizes=\"auto, (max-width: 500px) 100vw, 500px\" \/><\/a><\/p>\n<p>As obras de requalifica\u00e7\u00e3o das pistas e bares do Parque Poliesportivo da Lagoa, em Itapetinga, seguem em ritmo acelerado, depois de uma pausa durante os festejos juninos que aconteceram no local.<\/p>\n<p>Nesta sexta-feira (8) \u00e0 noite, a reportagem do<strong><em> Sudoeste Hoje<\/em><\/strong> esteve no canteiro da obra e constatou a presen\u00e7a oper\u00e1rios trabalhando no local, o que demostra o ritmo acelerado imposto pela empreiteira respons\u00e1vel.<\/p>\n<p><a href=\"https:\/\/www.sudoestehoje.com.br\/novoportal\/wp-content\/uploads\/2022\/07\/WhatsApp-Image-2022-07-08-at-23.14.11-1.jpeg\"><img loading=\"lazy\" decoding=\"async\" class=\"aligncenter size-medium wp-image-103274\" src=\"https:\/\/www.sudoestehoje.com.br\/novoportal\/wp-content\/uploads\/2022\/07\/WhatsApp-Image-2022-07-08-at-23.14.11-1-500x282.jpeg\" alt=\"\" width=\"500\" height=\"282\" srcset=\"https:\/\/www.sudoestehoje.com.br\/novoportal\/wp-content\/uploads\/2022\/07\/WhatsApp-Image-2022-07-08-at-23.14.11-1-500x282.jpeg 500w, https:\/\/www.sudoestehoje.com.br\/novoportal\/wp-content\/uploads\/2022\/07\/WhatsApp-Image-2022-07-08-at-23.14.11-1-700x394.jpeg 700w, https:\/\/www.sudoestehoje.com.br\/novoportal\/wp-content\/uploads\/2022\/07\/WhatsApp-Image-2022-07-08-at-23.14.11-1-768x432.jpeg 768w, https:\/\/www.sudoestehoje.com.br\/novoportal\/wp-content\/uploads\/2022\/07\/WhatsApp-Image-2022-07-08-at-23.14.11-1-1536x865.jpeg 1536w, https:\/\/www.sudoestehoje.com.br\/novoportal\/wp-content\/uploads\/2022\/07\/WhatsApp-Image-2022-07-08-at-23.14.11-1.jpeg 1600w\" sizes=\"auto, (max-width: 500px) 100vw, 500px\" \/><\/a><\/p>\n<p><em>&#8220;A obra t\u00e1 voando, est\u00e3o trabalhando at\u00e9 durante a noite&#8221;<\/em>, disse um moto-taxista \u00e0 nossa reportagem. Confira fotos:<\/p>\n\n\t\t<style type=\"text\/css\">\n\t\t\t#gallery-1 {\n\t\t\t\tmargin: auto;\n\t\t\t}\n\t\t\t#gallery-1 .gallery-item {\n\t\t\t\tfloat: left;\n\t\t\t\tmargin-top: 10px;\n\t\t\t\ttext-align: center;\n\t\t\t\twidth: 33%;\n\t\t\t}\n\t\t\t#gallery-1 img {\n\t\t\t\tborder: 2px solid #cfcfcf;\n\t\t\t}\n\t\t\t#gallery-1 .gallery-caption {\n\t\t\t\tmargin-left: 0;\n\t\t\t}\n\t\t\t\/* see gallery_shortcode() in wp-includes\/media.php *\/\n\t\t<\/style>\n\t\t<div id='gallery-1' class='gallery galleryid-103271 gallery-columns-3 gallery-size-thumbnail'><dl class='gallery-item'>\n\t\t\t<dt class='gallery-icon landscape'>\n\t\t\t\t<a href='https:\/\/www.sudoestehoje.com.br\/novoportal\/2022\/07\/08\/obras-de-requalificacao-do-parque-da-lagoa-avancam-em-ritmo-acelerado\/whatsapp-image-2022-07-08-at-23-14-11-2\/'><img loading=\"lazy\" decoding=\"async\" width=\"150\" height=\"150\" src=\"https:\/\/www.sudoestehoje.com.br\/novoportal\/wp-content\/uploads\/2022\/07\/WhatsApp-Image-2022-07-08-at-23.14.11-2-150x150.jpeg\" class=\"attachment-thumbnail size-thumbnail\" alt=\"\" \/><\/a>\n\t\t\t<\/dt><\/dl><dl class='gallery-item'>\n\t\t\t<dt class='gallery-icon landscape'>\n\t\t\t\t<a href='https:\/\/www.sudoestehoje.com.br\/novoportal\/2022\/07\/08\/obras-de-requalificacao-do-parque-da-lagoa-avancam-em-ritmo-acelerado\/whatsapp-image-2022-07-08-at-23-14-11\/'><img loading=\"lazy\" decoding=\"async\" width=\"150\" height=\"150\" src=\"https:\/\/www.sudoestehoje.com.br\/novoportal\/wp-content\/uploads\/2022\/07\/WhatsApp-Image-2022-07-08-at-23.14.11-150x150.jpeg\" class=\"attachment-thumbnail size-thumbnail\" alt=\"\" \/><\/a>\n\t\t\t<\/dt><\/dl><dl class='gallery-item'>\n\t\t\t<dt class='gallery-icon landscape'>\n\t\t\t\t<a href='https:\/\/www.sudoestehoje.com.br\/novoportal\/2022\/07\/08\/obras-de-requalificacao-do-parque-da-lagoa-avancam-em-ritmo-acelerado\/whatsapp-image-2022-07-08-at-23-14-10-1\/'><img loading=\"lazy\" decoding=\"async\" width=\"150\" height=\"150\" src=\"https:\/\/www.sudoestehoje.com.br\/novoportal\/wp-content\/uploads\/2022\/07\/WhatsApp-Image-2022-07-08-at-23.14.10-1-150x150.jpeg\" class=\"attachment-thumbnail size-thumbnail\" alt=\"\" \/><\/a>\n\t\t\t<\/dt><\/dl><br style=\"clear: both\" \/>\n\t\t<\/div>\n\n<p><strong><em>Por Davi Ferraz<\/em><\/strong><\/p>\n","protected":false},"excerpt":{"rendered":"<p>As obras de requalifica\u00e7\u00e3o das pistas e bares do Parque Poliesportivo da Lagoa, em Itapetinga, seguem em ritmo acelerado, depois de uma pausa durante os festejos juninos que aconteceram no local. Nesta sexta-feira (8) \u00e0 noite, a reportagem do Sudoeste Hoje esteve no canteiro da obra e constatou a presen\u00e7a oper\u00e1rios trabalhando no local, o [&hellip;]<\/p>\n","protected":false},"author":2,"featured_media":103276,"comment_status":"open","ping_status":"open","sticky":false,"template":"","format":"standard","meta":{"footnotes":"","_links_to":"","_links_to_target":""},"categories":[1],"tags":[],"class_list":["post-103271","post","type-post","status-publish","format-standard","has-post-thumbnail","hentry","category-geral"],"views":752,"_links":{"self":[{"href":"https:\/\/www.sudoestehoje.com.br\/novoportal\/wp-json\/wp\/v2\/posts\/103271","targetHints":{"allow":["GET"]}}],"collection":[{"href":"https:\/\/www.sudoestehoje.com.br\/novoportal\/wp-json\/wp\/v2\/posts"}],"about":[{"href":"https:\/\/www.sudoestehoje.com.br\/novoportal\/wp-json\/wp\/v2\/types\/post"}],"author":[{"embeddable":true,"href":"https:\/\/www.sudoestehoje.com.br\/novoportal\/wp-json\/wp\/v2\/users\/2"}],"replies":[{"embeddable":true,"href":"https:\/\/www.sudoestehoje.com.br\/novoportal\/wp-json\/wp\/v2\/comments?post=103271"}],"version-history":[{"count":6,"href":"https:\/\/www.sudoestehoje.com.br\/novoportal\/wp-json\/wp\/v2\/posts\/103271\/revisions"}],"predecessor-version":[{"id":103283,"href":"https:\/\/www.sudoestehoje.com.br\/novoportal\/wp-json\/wp\/v2\/posts\/103271\/revisions\/103283"}],"wp:featuredmedia":[{"embeddable":true,"href":"https:\/\/www.sudoestehoje.com.br\/novoportal\/wp-json\/wp\/v2\/media\/103276"}],"wp:attachment":[{"href":"https:\/\/www.sudoestehoje.com.br\/novoportal\/wp-json\/wp\/v2\/media?parent=103271"}],"wp:term":[{"taxonomy":"category","embeddable":true,"href":"https:\/\/www.sudoestehoje.com.br\/novoportal\/wp-json\/wp\/v2\/categories?post=103271"},{"taxonomy":"post_tag","embeddable":true,"href":"https:\/\/www.sudoestehoje.com.br\/novoportal\/wp-json\/wp\/v2\/tags?post=103271"}],"curies":[{"name":"wp","href":"https:\/\/api.w.org\/{rel}","templated":true}]}}