
{"id":103261,"date":"2022-07-08T22:33:07","date_gmt":"2022-07-09T01:33:07","guid":{"rendered":"https:\/\/www.sudoestehoje.com.br\/novoportal\/?p=103261"},"modified":"2022-07-08T22:37:31","modified_gmt":"2022-07-09T01:37:31","slug":"caatiba-novos-vereadores-sao-diplomados-e-tomam-posse-na-proxima-segunda","status":"publish","type":"post","link":"https:\/\/www.sudoestehoje.com.br\/novoportal\/2022\/07\/08\/caatiba-novos-vereadores-sao-diplomados-e-tomam-posse-na-proxima-segunda\/","title":{"rendered":"CAATIBA | NOVOS VEREADORES S\u00c3O DIPLOMADOS E TOMAM POSSE NA PR\u00d3XIMA SEGUNDA"},"content":{"rendered":"<p><a href=\"https:\/\/www.sudoestehoje.com.br\/novoportal\/wp-content\/uploads\/2022\/07\/WhatsApp-Image-2022-07-08-at-13.38.11.jpeg\"><img loading=\"lazy\" decoding=\"async\" class=\"aligncenter size-medium wp-image-103267\" src=\"https:\/\/www.sudoestehoje.com.br\/novoportal\/wp-content\/uploads\/2022\/07\/WhatsApp-Image-2022-07-08-at-13.38.11-500x281.jpeg\" alt=\"\" width=\"500\" height=\"281\" srcset=\"https:\/\/www.sudoestehoje.com.br\/novoportal\/wp-content\/uploads\/2022\/07\/WhatsApp-Image-2022-07-08-at-13.38.11-500x281.jpeg 500w, https:\/\/www.sudoestehoje.com.br\/novoportal\/wp-content\/uploads\/2022\/07\/WhatsApp-Image-2022-07-08-at-13.38.11-700x393.jpeg 700w, https:\/\/www.sudoestehoje.com.br\/novoportal\/wp-content\/uploads\/2022\/07\/WhatsApp-Image-2022-07-08-at-13.38.11-768x431.jpeg 768w, https:\/\/www.sudoestehoje.com.br\/novoportal\/wp-content\/uploads\/2022\/07\/WhatsApp-Image-2022-07-08-at-13.38.11.jpeg 1024w\" sizes=\"auto, (max-width: 500px) 100vw, 500px\" \/><\/a><\/p>\n<p>Quatro novos vereadores do munic\u00edpio de Caatiba, no M\u00e9dio Sudoeste da Bahia, foram diplomados pela Justi\u00e7a Eleitoral nesta sexta-feira (8), em substitui\u00e7\u00e3o aos edis que foram cassados pelo TSE, por fraude \u00e0 cota de g\u00eaneros.<\/p>\n<p>Os vereadores cassados, \u00a0<strong>Renatinho, Tio Felipe, Bergue Dias\u00a0<\/strong>e<strong>\u00a0Dilson do Taxi<\/strong>, s\u00e3o filiados ao PSB, foram eleitos e empossados em 2020, mas acabaram perdendo seus mandatos depois da constata\u00e7\u00e3o da fraude que anulou todos os votos do partido, pelo TSE.<\/p>\n<p>A escolha dos substitutos obedeceu crit\u00e9rios da justi\u00e7a eleitoral, que determinou a retotaliza\u00e7\u00e3o dos votos para definir os novos eleitos entre os candidatos dos partidos concorrentes no pleito de 2020. Na nova apura\u00e7\u00e3o foram considerados eleitos os candidatos <strong>GILENO ROLD\u00c3O NERES \u2013 PL,\u00a0<\/strong><strong>MARILEIDE DA ANUNCIA\u00c7\u00c3O SANTOS \u2013 PSD,\u00a0<\/strong><strong>IDELFONSO LIMA JUNIOR \u2013 PSD,\u00a0<\/strong><strong>MIQUEIAS SANTOS BARRETO \u2013 PSD, <\/strong>diplomados nesta sexta.<\/p>\n<p>Na pr\u00f3xima segunda-feira (11), os quatro novos vereadores tomam posse em sess\u00e3o solene na C\u00e2mara Municipal de Caatiba.<\/p>\n\n\t\t<style type=\"text\/css\">\n\t\t\t#gallery-1 {\n\t\t\t\tmargin: auto;\n\t\t\t}\n\t\t\t#gallery-1 .gallery-item {\n\t\t\t\tfloat: left;\n\t\t\t\tmargin-top: 10px;\n\t\t\t\ttext-align: center;\n\t\t\t\twidth: 25%;\n\t\t\t}\n\t\t\t#gallery-1 img {\n\t\t\t\tborder: 2px solid #cfcfcf;\n\t\t\t}\n\t\t\t#gallery-1 .gallery-caption {\n\t\t\t\tmargin-left: 0;\n\t\t\t}\n\t\t\t\/* see gallery_shortcode() in wp-includes\/media.php *\/\n\t\t<\/style>\n\t\t<div id='gallery-1' class='gallery galleryid-103261 gallery-columns-4 gallery-size-thumbnail'><dl class='gallery-item'>\n\t\t\t<dt class='gallery-icon portrait'>\n\t\t\t\t<a href='https:\/\/www.sudoestehoje.com.br\/novoportal\/2022\/07\/08\/caatiba-novos-vereadores-sao-diplomados-e-tomam-posse-na-proxima-segunda\/whatsapp-image-2022-07-08-at-13-38-11-1\/'><img loading=\"lazy\" decoding=\"async\" width=\"150\" height=\"150\" src=\"https:\/\/www.sudoestehoje.com.br\/novoportal\/wp-content\/uploads\/2022\/07\/WhatsApp-Image-2022-07-08-at-13.38.11-1-150x150.jpeg\" class=\"attachment-thumbnail size-thumbnail\" alt=\"\" \/><\/a>\n\t\t\t<\/dt><\/dl><dl class='gallery-item'>\n\t\t\t<dt class='gallery-icon portrait'>\n\t\t\t\t<a href='https:\/\/www.sudoestehoje.com.br\/novoportal\/2022\/07\/08\/caatiba-novos-vereadores-sao-diplomados-e-tomam-posse-na-proxima-segunda\/whatsapp-image-2022-07-08-at-13-38-11-2\/'><img loading=\"lazy\" decoding=\"async\" width=\"150\" height=\"150\" src=\"https:\/\/www.sudoestehoje.com.br\/novoportal\/wp-content\/uploads\/2022\/07\/WhatsApp-Image-2022-07-08-at-13.38.11-2-150x150.jpeg\" class=\"attachment-thumbnail size-thumbnail\" alt=\"\" \/><\/a>\n\t\t\t<\/dt><\/dl><dl class='gallery-item'>\n\t\t\t<dt class='gallery-icon portrait'>\n\t\t\t\t<a href='https:\/\/www.sudoestehoje.com.br\/novoportal\/2022\/07\/08\/caatiba-novos-vereadores-sao-diplomados-e-tomam-posse-na-proxima-segunda\/whatsapp-image-2022-07-08-at-13-38-11-3\/'><img loading=\"lazy\" decoding=\"async\" width=\"150\" height=\"150\" src=\"https:\/\/www.sudoestehoje.com.br\/novoportal\/wp-content\/uploads\/2022\/07\/WhatsApp-Image-2022-07-08-at-13.38.11-3-150x150.jpeg\" class=\"attachment-thumbnail size-thumbnail\" alt=\"\" \/><\/a>\n\t\t\t<\/dt><\/dl><dl class='gallery-item'>\n\t\t\t<dt class='gallery-icon portrait'>\n\t\t\t\t<a href='https:\/\/www.sudoestehoje.com.br\/novoportal\/2022\/07\/08\/caatiba-novos-vereadores-sao-diplomados-e-tomam-posse-na-proxima-segunda\/whatsapp-image-2022-07-08-at-13-38-11-4\/'><img loading=\"lazy\" decoding=\"async\" width=\"150\" height=\"150\" src=\"https:\/\/www.sudoestehoje.com.br\/novoportal\/wp-content\/uploads\/2022\/07\/WhatsApp-Image-2022-07-08-at-13.38.11-4-150x150.jpeg\" class=\"attachment-thumbnail size-thumbnail\" alt=\"\" \/><\/a>\n\t\t\t<\/dt><\/dl><br style=\"clear: both\" \/>\n\t\t<\/div>\n\n<p><em><strong>Por Davi Ferraz<\/strong><\/em><\/p>\n","protected":false},"excerpt":{"rendered":"<p>Quatro novos vereadores do munic\u00edpio de Caatiba, no M\u00e9dio Sudoeste da Bahia, foram diplomados pela Justi\u00e7a Eleitoral nesta sexta-feira (8), em substitui\u00e7\u00e3o aos edis que foram cassados pelo TSE, por fraude \u00e0 cota de g\u00eaneros. Os vereadores cassados, \u00a0Renatinho, Tio Felipe, Bergue Dias\u00a0e\u00a0Dilson do Taxi, s\u00e3o filiados ao PSB, foram eleitos e empossados em 2020, [&hellip;]<\/p>\n","protected":false},"author":2,"featured_media":103267,"comment_status":"open","ping_status":"open","sticky":false,"template":"","format":"standard","meta":{"footnotes":"","_links_to":"","_links_to_target":""},"categories":[1],"tags":[],"class_list":["post-103261","post","type-post","status-publish","format-standard","has-post-thumbnail","hentry","category-geral"],"views":937,"_links":{"self":[{"href":"https:\/\/www.sudoestehoje.com.br\/novoportal\/wp-json\/wp\/v2\/posts\/103261","targetHints":{"allow":["GET"]}}],"collection":[{"href":"https:\/\/www.sudoestehoje.com.br\/novoportal\/wp-json\/wp\/v2\/posts"}],"about":[{"href":"https:\/\/www.sudoestehoje.com.br\/novoportal\/wp-json\/wp\/v2\/types\/post"}],"author":[{"embeddable":true,"href":"https:\/\/www.sudoestehoje.com.br\/novoportal\/wp-json\/wp\/v2\/users\/2"}],"replies":[{"embeddable":true,"href":"https:\/\/www.sudoestehoje.com.br\/novoportal\/wp-json\/wp\/v2\/comments?post=103261"}],"version-history":[{"count":4,"href":"https:\/\/www.sudoestehoje.com.br\/novoportal\/wp-json\/wp\/v2\/posts\/103261\/revisions"}],"predecessor-version":[{"id":103270,"href":"https:\/\/www.sudoestehoje.com.br\/novoportal\/wp-json\/wp\/v2\/posts\/103261\/revisions\/103270"}],"wp:featuredmedia":[{"embeddable":true,"href":"https:\/\/www.sudoestehoje.com.br\/novoportal\/wp-json\/wp\/v2\/media\/103267"}],"wp:attachment":[{"href":"https:\/\/www.sudoestehoje.com.br\/novoportal\/wp-json\/wp\/v2\/media?parent=103261"}],"wp:term":[{"taxonomy":"category","embeddable":true,"href":"https:\/\/www.sudoestehoje.com.br\/novoportal\/wp-json\/wp\/v2\/categories?post=103261"},{"taxonomy":"post_tag","embeddable":true,"href":"https:\/\/www.sudoestehoje.com.br\/novoportal\/wp-json\/wp\/v2\/tags?post=103261"}],"curies":[{"name":"wp","href":"https:\/\/api.w.org\/{rel}","templated":true}]}}