
{"id":103240,"date":"2022-07-07T19:00:43","date_gmt":"2022-07-07T22:00:43","guid":{"rendered":"https:\/\/www.sudoestehoje.com.br\/novoportal\/?p=103240"},"modified":"2022-07-07T19:07:17","modified_gmt":"2022-07-07T22:07:17","slug":"pesquisa-exame-ideia-acm-neto-lidera-e-deve-ganhar-no-primeiro-turno","status":"publish","type":"post","link":"https:\/\/www.sudoestehoje.com.br\/novoportal\/2022\/07\/07\/pesquisa-exame-ideia-acm-neto-lidera-e-deve-ganhar-no-primeiro-turno\/","title":{"rendered":"PESQUISA EXAME\/IDEIA | ACM NETO LIDERA E DEVE GANHAR NO PRIMEIRO TURNO COM 51%"},"content":{"rendered":"<p><a href=\"https:\/\/www.sudoestehoje.com.br\/novoportal\/wp-content\/uploads\/2022\/07\/download-13.jpg\"><img loading=\"lazy\" decoding=\"async\" class=\"aligncenter wp-image-103241\" src=\"https:\/\/www.sudoestehoje.com.br\/novoportal\/wp-content\/uploads\/2022\/07\/download-13.jpg\" alt=\"\" width=\"501\" height=\"263\" \/><\/a><\/p>\n<p>Divulgada na testa quinta-feira (7), pesquisa\u00a0do Instituto Ideia, encomendada pela revista\u00a0Exame,\u00a0aponta lideran\u00e7a de ACM Neto (Uni\u00e3o Brasil) na prefer\u00eancia do eleitorado para a disputa pelo governo da Bahia, com 51% das inten\u00e7\u00f5es de voto,\u00a0n\u00famero que garante vit\u00f3ria no primeiro turno. Em seguida aparece o pr\u00e9-candidato do PT, Jer\u00f4nimo Rodrigues (PT), com 18%, e o deputado federal Jo\u00e3o Roma (PL), 13%. Kleber Rosa, do PSOL, tem 2%. Brancos e nulos somam 6%; n\u00e3o sabem 10%. Estes n\u00fameros s\u00e3o referentes \u00e0 modalidade estimulada (quando o entrevistador apresenta os nomes dos candidatos).<\/p>\n<p><a href=\"https:\/\/www.sudoestehoje.com.br\/novoportal\/wp-content\/uploads\/2022\/07\/grafico-primeiro-turno-bahia-exame-ideia.png\"><img loading=\"lazy\" decoding=\"async\" class=\"aligncenter size-full wp-image-103244\" src=\"https:\/\/www.sudoestehoje.com.br\/novoportal\/wp-content\/uploads\/2022\/07\/grafico-primeiro-turno-bahia-exame-ideia.png\" alt=\"\" width=\"400\" height=\"471\" \/><\/a><\/p>\n<p>O cen\u00e1rio \u00e9 o mesmo na\u00a0modalidade espont\u00e2nea, quando o instituto n\u00e3o diz o nome dos candidatos. ACM Neto\u00a0pontua 26%, seguido por Jer\u00f4nimo, com 11%, e Roma, 9%.\u00a0O governador, Rui Costa, que n\u00e3o pode se candidatar por j\u00e1 estar no segundo mandato, foi mencionado por 2% dos eleitores.<\/p>\n<p><a href=\"https:\/\/www.sudoestehoje.com.br\/novoportal\/wp-content\/uploads\/2022\/07\/grafico-espontanea-pesquisa-ideia-exame-governo-bahia.png\"><img loading=\"lazy\" decoding=\"async\" class=\"aligncenter size-full wp-image-103245\" src=\"https:\/\/www.sudoestehoje.com.br\/novoportal\/wp-content\/uploads\/2022\/07\/grafico-espontanea-pesquisa-ideia-exame-governo-bahia.png\" alt=\"\" width=\"400\" height=\"491\" \/><\/a><\/p>\n<p>Registrada no Tribunal Superior Eleitoral (TSE)\u00a0sob\u00a0o n\u00famero BA-00648\/2022,\u00a0a pesquisa ouviu 1.000 pessoas do estado da Bahia entre os dias 1 e 6 de julho. As entrevistas foram feitas por telefone, com liga\u00e7\u00f5es tanto para fixos residenciais quanto para celulares. A margem de erro \u00e9 de tr\u00eas pontos percentuais para mais ou para menos.<\/p>\n<p><strong>Segundo turno<\/strong><\/p>\n<p>O levantamento tamb\u00e9m fez simula\u00e7\u00e3o de tr\u00eas cen\u00e1rios de segundo turno. Nos dois em que ACM Neto est\u00e1, ele vence o advers\u00e1rio por larga margem, sendo a maior na disputa com Roma (61% a 14%). A pesquisa ainda testou um segundo turno entre Jer\u00f4nimo e Roma, com vit\u00f3ria do ex-secret\u00e1rio baiano.<\/p>\n<p>No primeiro cen\u00e1rio, Neto tem 58%, e Jer\u00f4nimo, 19%. Na disputa entre Jer\u00f4nimo e Roma, o petista venceria com 46% contra 30% do ex-ministro da Cidadania.<\/p>\n<p><a href=\"https:\/\/www.sudoestehoje.com.br\/novoportal\/wp-content\/uploads\/2022\/07\/grafico-exame-ideia-segundo-turno-governo-bahia.png\"><img loading=\"lazy\" decoding=\"async\" class=\"aligncenter size-full wp-image-103247\" src=\"https:\/\/www.sudoestehoje.com.br\/novoportal\/wp-content\/uploads\/2022\/07\/grafico-exame-ideia-segundo-turno-governo-bahia.png\" alt=\"\" width=\"400\" height=\"616\" \/><\/a><\/p>\n","protected":false},"excerpt":{"rendered":"<p>Divulgada na testa quinta-feira (7), pesquisa\u00a0do Instituto Ideia, encomendada pela revista\u00a0Exame,\u00a0aponta lideran\u00e7a de ACM Neto (Uni\u00e3o Brasil) na prefer\u00eancia do eleitorado para a disputa pelo governo da Bahia, com 51% das inten\u00e7\u00f5es de voto,\u00a0n\u00famero que garante vit\u00f3ria no primeiro turno. Em seguida aparece o pr\u00e9-candidato do PT, Jer\u00f4nimo Rodrigues (PT), com 18%, e o deputado [&hellip;]<\/p>\n","protected":false},"author":2,"featured_media":103241,"comment_status":"open","ping_status":"open","sticky":false,"template":"","format":"standard","meta":{"footnotes":"","_links_to":"","_links_to_target":""},"categories":[1],"tags":[],"class_list":["post-103240","post","type-post","status-publish","format-standard","has-post-thumbnail","hentry","category-geral"],"views":631,"_links":{"self":[{"href":"https:\/\/www.sudoestehoje.com.br\/novoportal\/wp-json\/wp\/v2\/posts\/103240","targetHints":{"allow":["GET"]}}],"collection":[{"href":"https:\/\/www.sudoestehoje.com.br\/novoportal\/wp-json\/wp\/v2\/posts"}],"about":[{"href":"https:\/\/www.sudoestehoje.com.br\/novoportal\/wp-json\/wp\/v2\/types\/post"}],"author":[{"embeddable":true,"href":"https:\/\/www.sudoestehoje.com.br\/novoportal\/wp-json\/wp\/v2\/users\/2"}],"replies":[{"embeddable":true,"href":"https:\/\/www.sudoestehoje.com.br\/novoportal\/wp-json\/wp\/v2\/comments?post=103240"}],"version-history":[{"count":4,"href":"https:\/\/www.sudoestehoje.com.br\/novoportal\/wp-json\/wp\/v2\/posts\/103240\/revisions"}],"predecessor-version":[{"id":103249,"href":"https:\/\/www.sudoestehoje.com.br\/novoportal\/wp-json\/wp\/v2\/posts\/103240\/revisions\/103249"}],"wp:featuredmedia":[{"embeddable":true,"href":"https:\/\/www.sudoestehoje.com.br\/novoportal\/wp-json\/wp\/v2\/media\/103241"}],"wp:attachment":[{"href":"https:\/\/www.sudoestehoje.com.br\/novoportal\/wp-json\/wp\/v2\/media?parent=103240"}],"wp:term":[{"taxonomy":"category","embeddable":true,"href":"https:\/\/www.sudoestehoje.com.br\/novoportal\/wp-json\/wp\/v2\/categories?post=103240"},{"taxonomy":"post_tag","embeddable":true,"href":"https:\/\/www.sudoestehoje.com.br\/novoportal\/wp-json\/wp\/v2\/tags?post=103240"}],"curies":[{"name":"wp","href":"https:\/\/api.w.org\/{rel}","templated":true}]}}