
{"id":103203,"date":"2022-07-06T20:49:29","date_gmt":"2022-07-06T23:49:29","guid":{"rendered":"https:\/\/www.sudoestehoje.com.br\/novoportal\/?p=103203"},"modified":"2022-07-06T20:49:29","modified_gmt":"2022-07-06T23:49:29","slug":"prefeitura-de-itapetinga-volta-a-divulgar-boletim-diario-da-covid-19","status":"publish","type":"post","link":"https:\/\/www.sudoestehoje.com.br\/novoportal\/2022\/07\/06\/prefeitura-de-itapetinga-volta-a-divulgar-boletim-diario-da-covid-19\/","title":{"rendered":"PREFEITURA DE ITAPETINGA VOLTA A DIVULGAR BOLETIM DI\u00c1RIO DA COVID-19"},"content":{"rendered":"<p><a href=\"https:\/\/www.sudoestehoje.com.br\/novoportal\/wp-content\/uploads\/2022\/07\/WhatsApp-Image-2022-07-06-at-20.05.48-1.jpeg\"><img loading=\"lazy\" decoding=\"async\" class=\"aligncenter size-medium wp-image-103204\" src=\"https:\/\/www.sudoestehoje.com.br\/novoportal\/wp-content\/uploads\/2022\/07\/WhatsApp-Image-2022-07-06-at-20.05.48-1-500x500.jpeg\" alt=\"\" width=\"500\" height=\"500\" srcset=\"https:\/\/www.sudoestehoje.com.br\/novoportal\/wp-content\/uploads\/2022\/07\/WhatsApp-Image-2022-07-06-at-20.05.48-1-500x500.jpeg 500w, https:\/\/www.sudoestehoje.com.br\/novoportal\/wp-content\/uploads\/2022\/07\/WhatsApp-Image-2022-07-06-at-20.05.48-1-700x700.jpeg 700w, https:\/\/www.sudoestehoje.com.br\/novoportal\/wp-content\/uploads\/2022\/07\/WhatsApp-Image-2022-07-06-at-20.05.48-1-150x150.jpeg 150w, https:\/\/www.sudoestehoje.com.br\/novoportal\/wp-content\/uploads\/2022\/07\/WhatsApp-Image-2022-07-06-at-20.05.48-1-768x768.jpeg 768w, https:\/\/www.sudoestehoje.com.br\/novoportal\/wp-content\/uploads\/2022\/07\/WhatsApp-Image-2022-07-06-at-20.05.48-1.jpeg 1280w\" sizes=\"auto, (max-width: 500px) 100vw, 500px\" \/><\/a><\/p>\n<p>Com o surgimento de novos casos da Covid-19 no munic\u00edpio, a Secretaria de Sa\u00fade do munic\u00edpio de Itapetinga voltou a divulgar o boletim di\u00e1rio da pandemia, dando conhecimento do quadro epidemiol\u00f3gico, atualizado.<\/p>\n<p>No boletim desta quarta (6), 42 casos ativos da doen\u00e7a foram registrados, sem nenhum \u00f3bito recente.<\/p>\n<p>Na Bahia, o n\u00famero de casos ativos tem aumentado, se agravando ap\u00f3s os festejos juninos em diversos cidades do interior, onde as festas de S\u00e3o Jo\u00e3o causaram aglomera\u00e7\u00f5es.<\/p>\n<p><em><strong>Por Davi Ferraz<\/strong><\/em><\/p>\n","protected":false},"excerpt":{"rendered":"<p>Com o surgimento de novos casos da Covid-19 no munic\u00edpio, a Secretaria de Sa\u00fade do munic\u00edpio de Itapetinga voltou a divulgar o boletim di\u00e1rio da pandemia, dando conhecimento do quadro epidemiol\u00f3gico, atualizado. No boletim desta quarta (6), 42 casos ativos da doen\u00e7a foram registrados, sem nenhum \u00f3bito recente. Na Bahia, o n\u00famero de casos ativos [&hellip;]<\/p>\n","protected":false},"author":2,"featured_media":103204,"comment_status":"open","ping_status":"open","sticky":false,"template":"","format":"standard","meta":{"footnotes":"","_links_to":"","_links_to_target":""},"categories":[1],"tags":[],"class_list":["post-103203","post","type-post","status-publish","format-standard","has-post-thumbnail","hentry","category-geral"],"views":942,"_links":{"self":[{"href":"https:\/\/www.sudoestehoje.com.br\/novoportal\/wp-json\/wp\/v2\/posts\/103203","targetHints":{"allow":["GET"]}}],"collection":[{"href":"https:\/\/www.sudoestehoje.com.br\/novoportal\/wp-json\/wp\/v2\/posts"}],"about":[{"href":"https:\/\/www.sudoestehoje.com.br\/novoportal\/wp-json\/wp\/v2\/types\/post"}],"author":[{"embeddable":true,"href":"https:\/\/www.sudoestehoje.com.br\/novoportal\/wp-json\/wp\/v2\/users\/2"}],"replies":[{"embeddable":true,"href":"https:\/\/www.sudoestehoje.com.br\/novoportal\/wp-json\/wp\/v2\/comments?post=103203"}],"version-history":[{"count":1,"href":"https:\/\/www.sudoestehoje.com.br\/novoportal\/wp-json\/wp\/v2\/posts\/103203\/revisions"}],"predecessor-version":[{"id":103205,"href":"https:\/\/www.sudoestehoje.com.br\/novoportal\/wp-json\/wp\/v2\/posts\/103203\/revisions\/103205"}],"wp:featuredmedia":[{"embeddable":true,"href":"https:\/\/www.sudoestehoje.com.br\/novoportal\/wp-json\/wp\/v2\/media\/103204"}],"wp:attachment":[{"href":"https:\/\/www.sudoestehoje.com.br\/novoportal\/wp-json\/wp\/v2\/media?parent=103203"}],"wp:term":[{"taxonomy":"category","embeddable":true,"href":"https:\/\/www.sudoestehoje.com.br\/novoportal\/wp-json\/wp\/v2\/categories?post=103203"},{"taxonomy":"post_tag","embeddable":true,"href":"https:\/\/www.sudoestehoje.com.br\/novoportal\/wp-json\/wp\/v2\/tags?post=103203"}],"curies":[{"name":"wp","href":"https:\/\/api.w.org\/{rel}","templated":true}]}}