
{"id":103179,"date":"2022-07-06T08:45:13","date_gmt":"2022-07-06T11:45:13","guid":{"rendered":"https:\/\/www.sudoestehoje.com.br\/novoportal\/?p=103179"},"modified":"2022-07-06T09:34:22","modified_gmt":"2022-07-06T12:34:22","slug":"itapetinga-grupo-do-prefeito-rodrigo-hagge-assume-o-comando-do-pdt-secretario-gustavo-david-filiou","status":"publish","type":"post","link":"https:\/\/www.sudoestehoje.com.br\/novoportal\/2022\/07\/06\/itapetinga-grupo-do-prefeito-rodrigo-hagge-assume-o-comando-do-pdt-secretario-gustavo-david-filiou\/","title":{"rendered":"ITAPETINGA: PREFEITO RODRIGO HAGGE ASSUME O COMANDO DO PDT NA CIDADE; GUSTAVO FILIOU"},"content":{"rendered":"<p><a href=\"https:\/\/www.sudoestehoje.com.br\/novoportal\/wp-content\/uploads\/2022\/07\/IMAGEM_NOTICIA_5-2.jpg\"><img loading=\"lazy\" decoding=\"async\" class=\"aligncenter wp-image-103181\" src=\"https:\/\/www.sudoestehoje.com.br\/novoportal\/wp-content\/uploads\/2022\/07\/IMAGEM_NOTICIA_5-2.jpg\" alt=\"\" width=\"499\" height=\"368\" \/><\/a><\/p>\n<p>Na manh\u00e3 desta quarta-feira (6), o prestigiado site da capital, <strong>Bahia Not\u00edcias<\/strong>, publicou mat\u00e9ria sobre o encontro do prefeito de Itapetinga, Rodrigo Hagge, com o deputado federal Felix Mendon\u00e7a, que resultou em um acordo para que o grupo do prefeito assuma o comando do PDT no munic\u00edpio, atualmente em m\u00e3os de advers\u00e1rios pol\u00edticos do prefeito.<\/p>\n<p>A not\u00edcia surpreendeu e balan\u00e7ou as estruturas da min\u00fascula oposi\u00e7\u00e3o na cidade, que ficou apenas com duas op\u00e7\u00f5es: sair do partido ou aceitar a lideran\u00e7a do prefeito. Confira a mat\u00e9ria do BN:<\/p>\n<p><a href=\"https:\/\/www.sudoestehoje.com.br\/novoportal\/wp-content\/uploads\/2022\/07\/WhatsApp-Image-2022-07-06-at-08.59.25.jpeg\"><img loading=\"lazy\" decoding=\"async\" class=\"aligncenter size-medium wp-image-103189\" src=\"https:\/\/www.sudoestehoje.com.br\/novoportal\/wp-content\/uploads\/2022\/07\/WhatsApp-Image-2022-07-06-at-08.59.25-500x333.jpeg\" alt=\"\" width=\"500\" height=\"333\" srcset=\"https:\/\/www.sudoestehoje.com.br\/novoportal\/wp-content\/uploads\/2022\/07\/WhatsApp-Image-2022-07-06-at-08.59.25-500x333.jpeg 500w, https:\/\/www.sudoestehoje.com.br\/novoportal\/wp-content\/uploads\/2022\/07\/WhatsApp-Image-2022-07-06-at-08.59.25-700x467.jpeg 700w, https:\/\/www.sudoestehoje.com.br\/novoportal\/wp-content\/uploads\/2022\/07\/WhatsApp-Image-2022-07-06-at-08.59.25-768x512.jpeg 768w, https:\/\/www.sudoestehoje.com.br\/novoportal\/wp-content\/uploads\/2022\/07\/WhatsApp-Image-2022-07-06-at-08.59.25-1536x1024.jpeg 1536w, https:\/\/www.sudoestehoje.com.br\/novoportal\/wp-content\/uploads\/2022\/07\/WhatsApp-Image-2022-07-06-at-08.59.25.jpeg 1560w\" sizes=\"auto, (max-width: 500px) 100vw, 500px\" \/><\/a><\/p>\n<p><em>&#8220;O PDT, em mais um tentativa de aproxima\u00e7\u00e3o com ACM Neto, formalizou o apoio \u00e0 gest\u00e3o do prefeito de Itapetinga, Rodrigo Hagge (MDB), e oficializou a filia\u00e7\u00e3o do secret\u00e1rio municipal de Infraestrutura, Gustavo David. Presidindo a sigla pedetista na Bahia, F\u00e9lix Mendon\u00e7a J\u00fanior foi respons\u00e1vel por firmar o acordo em Salvador. Tamb\u00e9m estiveram presentes o deputado estadual Pedro Tavares (Uni\u00e3o) e o advogado Matheus Barreto.<\/em><\/p>\n<p><a href=\"https:\/\/www.sudoestehoje.com.br\/novoportal\/wp-content\/uploads\/2022\/07\/WhatsApp-Image-2022-07-06-at-08.59.27.jpeg\"><img loading=\"lazy\" decoding=\"async\" class=\"aligncenter size-medium wp-image-103187\" src=\"https:\/\/www.sudoestehoje.com.br\/novoportal\/wp-content\/uploads\/2022\/07\/WhatsApp-Image-2022-07-06-at-08.59.27-500x333.jpeg\" alt=\"\" width=\"500\" height=\"333\" srcset=\"https:\/\/www.sudoestehoje.com.br\/novoportal\/wp-content\/uploads\/2022\/07\/WhatsApp-Image-2022-07-06-at-08.59.27-500x333.jpeg 500w, https:\/\/www.sudoestehoje.com.br\/novoportal\/wp-content\/uploads\/2022\/07\/WhatsApp-Image-2022-07-06-at-08.59.27-700x467.jpeg 700w, https:\/\/www.sudoestehoje.com.br\/novoportal\/wp-content\/uploads\/2022\/07\/WhatsApp-Image-2022-07-06-at-08.59.27-768x512.jpeg 768w, https:\/\/www.sudoestehoje.com.br\/novoportal\/wp-content\/uploads\/2022\/07\/WhatsApp-Image-2022-07-06-at-08.59.27.jpeg 1024w\" sizes=\"auto, (max-width: 500px) 100vw, 500px\" \/><\/a><\/p>\n<p><em>&#8220;O alinhamento que o PDT tem tido com o ex-prefeito ACM Neto (Uni\u00e3o) fez com que a gente desejasse ter os pedetistas ao lado na gest\u00e3o, integrando a base do governo. Estamos somando for\u00e7as&#8221;, disse Rodrigo Hagge. &#8220;Sobre a filia\u00e7\u00e3o de Gustavo David, trata-se de um jovem promissor, que tem um futuro brilhante pela frente na pol\u00edtica e escolheu um partido com hist\u00f3ria de defesa da educa\u00e7\u00e3o e do trabalhador&#8221;, acrescentou o prefeito.<\/em><\/p>\n<p><em>Com Hild\u00e9rico Nogueira, mais conhecido como Tiquinho, e Valdeir Chagas, fazendo parte do PDT em Itapetinga, para F\u00e9lix, a filia\u00e7\u00e3o de Gustavo David fortalece ainda mais a legenda no munic\u00edpio e na regi\u00e3o. &#8220;\u00c9 mais um quadro de qualidade que ingressa no PDT, o que me deixa muito feliz. Estamos buscando construir um partido cada vez mais forte na Bahia&#8221;, frisou. \/\/BN&#8221;<\/em><\/p>\n<p><strong><em>Por Davi Ferraz<\/em><\/strong><\/p>\n","protected":false},"excerpt":{"rendered":"<p>Na manh\u00e3 desta quarta-feira (6), o prestigiado site da capital, Bahia Not\u00edcias, publicou mat\u00e9ria sobre o encontro do prefeito de Itapetinga, Rodrigo Hagge, com o deputado federal Felix Mendon\u00e7a, que resultou em um acordo para que o grupo do prefeito assuma o comando do PDT no munic\u00edpio, atualmente em m\u00e3os de advers\u00e1rios pol\u00edticos do prefeito. [&hellip;]<\/p>\n","protected":false},"author":2,"featured_media":103189,"comment_status":"open","ping_status":"open","sticky":false,"template":"","format":"standard","meta":{"footnotes":"","_links_to":"","_links_to_target":""},"categories":[1],"tags":[],"class_list":["post-103179","post","type-post","status-publish","format-standard","has-post-thumbnail","hentry","category-geral"],"views":1127,"_links":{"self":[{"href":"https:\/\/www.sudoestehoje.com.br\/novoportal\/wp-json\/wp\/v2\/posts\/103179","targetHints":{"allow":["GET"]}}],"collection":[{"href":"https:\/\/www.sudoestehoje.com.br\/novoportal\/wp-json\/wp\/v2\/posts"}],"about":[{"href":"https:\/\/www.sudoestehoje.com.br\/novoportal\/wp-json\/wp\/v2\/types\/post"}],"author":[{"embeddable":true,"href":"https:\/\/www.sudoestehoje.com.br\/novoportal\/wp-json\/wp\/v2\/users\/2"}],"replies":[{"embeddable":true,"href":"https:\/\/www.sudoestehoje.com.br\/novoportal\/wp-json\/wp\/v2\/comments?post=103179"}],"version-history":[{"count":8,"href":"https:\/\/www.sudoestehoje.com.br\/novoportal\/wp-json\/wp\/v2\/posts\/103179\/revisions"}],"predecessor-version":[{"id":103190,"href":"https:\/\/www.sudoestehoje.com.br\/novoportal\/wp-json\/wp\/v2\/posts\/103179\/revisions\/103190"}],"wp:featuredmedia":[{"embeddable":true,"href":"https:\/\/www.sudoestehoje.com.br\/novoportal\/wp-json\/wp\/v2\/media\/103189"}],"wp:attachment":[{"href":"https:\/\/www.sudoestehoje.com.br\/novoportal\/wp-json\/wp\/v2\/media?parent=103179"}],"wp:term":[{"taxonomy":"category","embeddable":true,"href":"https:\/\/www.sudoestehoje.com.br\/novoportal\/wp-json\/wp\/v2\/categories?post=103179"},{"taxonomy":"post_tag","embeddable":true,"href":"https:\/\/www.sudoestehoje.com.br\/novoportal\/wp-json\/wp\/v2\/tags?post=103179"}],"curies":[{"name":"wp","href":"https:\/\/api.w.org\/{rel}","templated":true}]}}