
{"id":103165,"date":"2022-07-05T09:41:26","date_gmt":"2022-07-05T12:41:26","guid":{"rendered":"https:\/\/www.sudoestehoje.com.br\/novoportal\/?p=103165"},"modified":"2022-07-05T09:41:26","modified_gmt":"2022-07-05T12:41:26","slug":"parana-pesquisas-novo-levantamento-da-vitoria-a-acm-neto-no-1o-turno","status":"publish","type":"post","link":"https:\/\/www.sudoestehoje.com.br\/novoportal\/2022\/07\/05\/parana-pesquisas-novo-levantamento-da-vitoria-a-acm-neto-no-1o-turno\/","title":{"rendered":"PARAN\u00c1 PESQUISAS | NOVO LEVANTAMENTO D\u00c1 VIT\u00d3RIA A ACM NETO NO 1\u00ba TURNO"},"content":{"rendered":"<p><a href=\"https:\/\/www.sudoestehoje.com.br\/novoportal\/wp-content\/uploads\/2022\/07\/acm_neto_0606_divulgacao_widexl-1000x530-1.jpeg\"><img loading=\"lazy\" decoding=\"async\" class=\"aligncenter size-medium wp-image-103167\" src=\"https:\/\/www.sudoestehoje.com.br\/novoportal\/wp-content\/uploads\/2022\/07\/acm_neto_0606_divulgacao_widexl-1000x530-1-500x265.jpeg\" alt=\"\" width=\"500\" height=\"265\" srcset=\"https:\/\/www.sudoestehoje.com.br\/novoportal\/wp-content\/uploads\/2022\/07\/acm_neto_0606_divulgacao_widexl-1000x530-1-500x265.jpeg 500w, https:\/\/www.sudoestehoje.com.br\/novoportal\/wp-content\/uploads\/2022\/07\/acm_neto_0606_divulgacao_widexl-1000x530-1-700x371.jpeg 700w, https:\/\/www.sudoestehoje.com.br\/novoportal\/wp-content\/uploads\/2022\/07\/acm_neto_0606_divulgacao_widexl-1000x530-1-768x407.jpeg 768w, https:\/\/www.sudoestehoje.com.br\/novoportal\/wp-content\/uploads\/2022\/07\/acm_neto_0606_divulgacao_widexl-1000x530-1.jpeg 1000w\" sizes=\"auto, (max-width: 500px) 100vw, 500px\" \/><\/a><\/p>\n<p>Novo levantamento realizado pelo Instituto Paran\u00e1 Pesquisas, encomendado pelo site\u00a0<em>Bahia Not\u00edcias\u00a0<\/em>e divulgado nesta ter\u00e7a-feira (5), mostra que o ex-prefeito de Salvador, ACM Neto (Uni\u00e3o Brasil), ampliou a vantagem em rela\u00e7\u00e3o a seus advers\u00e1rios na disputa pelo Pal\u00e1cio de Ondina.<\/p>\n<p>Neto aparece com 58% das inten\u00e7\u00f5es de voto e venceria no primeiro turno. O pr\u00e9-candidato do PT, Jer\u00f4nimo Rodrigues, aparece com 9,1%. J\u00e1 o ex-ministro Jo\u00e3o Roma (PL), aliado do presidente Jair Bolsonaro (PL), aparece com 9,1%.<\/p>\n<p>A pesquisa foi realizada entre os dias 30 de junho e 4 de julho. ACM Neto foi o \u00fanico que oscilou para cima em rela\u00e7\u00e3o ao levantamento anterior. O ex-prefeito de Salvador tinha 55,4%. Jer\u00f4nimo tinha 15,8 e Roma, 10,1%.<\/p>\n<p>O candidato do PSOL, Kleber Rosa, que chegou a 1,2% em abril, caiu para 0,5% e Giovani Damico (PCO) oscilou de 0,5% para 0,1%.<\/p>\n<p>A pesquisa ouviu 1.640 pessoas, em 72 munic\u00edpios. A margem de erro \u00e9 de 2,5% e o intervalo de confian\u00e7a, 95%<\/p>\n","protected":false},"excerpt":{"rendered":"<p>Novo levantamento realizado pelo Instituto Paran\u00e1 Pesquisas, encomendado pelo site\u00a0Bahia Not\u00edcias\u00a0e divulgado nesta ter\u00e7a-feira (5), mostra que o ex-prefeito de Salvador, ACM Neto (Uni\u00e3o Brasil), ampliou a vantagem em rela\u00e7\u00e3o a seus advers\u00e1rios na disputa pelo Pal\u00e1cio de Ondina. Neto aparece com 58% das inten\u00e7\u00f5es de voto e venceria no primeiro turno. O pr\u00e9-candidato do [&hellip;]<\/p>\n","protected":false},"author":2,"featured_media":103167,"comment_status":"open","ping_status":"open","sticky":false,"template":"","format":"standard","meta":{"footnotes":"","_links_to":"","_links_to_target":""},"categories":[1],"tags":[],"class_list":["post-103165","post","type-post","status-publish","format-standard","has-post-thumbnail","hentry","category-geral"],"views":902,"_links":{"self":[{"href":"https:\/\/www.sudoestehoje.com.br\/novoportal\/wp-json\/wp\/v2\/posts\/103165","targetHints":{"allow":["GET"]}}],"collection":[{"href":"https:\/\/www.sudoestehoje.com.br\/novoportal\/wp-json\/wp\/v2\/posts"}],"about":[{"href":"https:\/\/www.sudoestehoje.com.br\/novoportal\/wp-json\/wp\/v2\/types\/post"}],"author":[{"embeddable":true,"href":"https:\/\/www.sudoestehoje.com.br\/novoportal\/wp-json\/wp\/v2\/users\/2"}],"replies":[{"embeddable":true,"href":"https:\/\/www.sudoestehoje.com.br\/novoportal\/wp-json\/wp\/v2\/comments?post=103165"}],"version-history":[{"count":2,"href":"https:\/\/www.sudoestehoje.com.br\/novoportal\/wp-json\/wp\/v2\/posts\/103165\/revisions"}],"predecessor-version":[{"id":103168,"href":"https:\/\/www.sudoestehoje.com.br\/novoportal\/wp-json\/wp\/v2\/posts\/103165\/revisions\/103168"}],"wp:featuredmedia":[{"embeddable":true,"href":"https:\/\/www.sudoestehoje.com.br\/novoportal\/wp-json\/wp\/v2\/media\/103167"}],"wp:attachment":[{"href":"https:\/\/www.sudoestehoje.com.br\/novoportal\/wp-json\/wp\/v2\/media?parent=103165"}],"wp:term":[{"taxonomy":"category","embeddable":true,"href":"https:\/\/www.sudoestehoje.com.br\/novoportal\/wp-json\/wp\/v2\/categories?post=103165"},{"taxonomy":"post_tag","embeddable":true,"href":"https:\/\/www.sudoestehoje.com.br\/novoportal\/wp-json\/wp\/v2\/tags?post=103165"}],"curies":[{"name":"wp","href":"https:\/\/api.w.org\/{rel}","templated":true}]}}