
{"id":103148,"date":"2022-07-04T12:49:40","date_gmt":"2022-07-04T15:49:40","guid":{"rendered":"https:\/\/www.sudoestehoje.com.br\/novoportal\/?p=103148"},"modified":"2022-07-04T12:49:40","modified_gmt":"2022-07-04T15:49:40","slug":"nota-de-falecimento-luciana-santos-de-moraes-servidora-publica-municipal","status":"publish","type":"post","link":"https:\/\/www.sudoestehoje.com.br\/novoportal\/2022\/07\/04\/nota-de-falecimento-luciana-santos-de-moraes-servidora-publica-municipal\/","title":{"rendered":"NOTA DE FALECIMENTO | LUCIANA SANTOS DE MORAES, SERVIDORA P\u00daBLICA MUNICIPAL"},"content":{"rendered":"<p><a href=\"https:\/\/www.sudoestehoje.com.br\/novoportal\/wp-content\/uploads\/2022\/07\/indice.jpg\"><img loading=\"lazy\" decoding=\"async\" class=\"aligncenter size-medium wp-image-103149\" src=\"https:\/\/www.sudoestehoje.com.br\/novoportal\/wp-content\/uploads\/2022\/07\/indice-500x515.jpg\" alt=\"\" width=\"500\" height=\"515\" srcset=\"https:\/\/www.sudoestehoje.com.br\/novoportal\/wp-content\/uploads\/2022\/07\/indice-500x515.jpg 500w, https:\/\/www.sudoestehoje.com.br\/novoportal\/wp-content\/uploads\/2022\/07\/indice-700x722.jpg 700w, https:\/\/www.sudoestehoje.com.br\/novoportal\/wp-content\/uploads\/2022\/07\/indice-768x792.jpg 768w, https:\/\/www.sudoestehoje.com.br\/novoportal\/wp-content\/uploads\/2022\/07\/indice.jpg 1006w\" sizes=\"auto, (max-width: 500px) 100vw, 500px\" \/><\/a><\/p>\n<p>Com muito pesar, comunicamos o falecimento da servidora municipal Luciana Santos Moraes, merendeira da Escola Municipal Dona Geni, no distrito de Bandeira do Col\u00f4nia, ocorrido nesta data.<\/p>\n<p>De acordo com informa\u00e7\u00f5es de familiares, Luciana tinha 46 anos e havia se submetido a uma cirurgia em um hospital p\u00fablico na cidade de Porto Seguro, mas n\u00e3o resistiu e veio a falecer, para tristeza de toda a comunidade de Bandeira e tamb\u00e9m da vizinha cidade de Itoror\u00f3.<\/p>\n<p>O <strong><em>Sudoeste Hoje<\/em><\/strong> manifesta os seus sentimentos pela perda prematura da servidora, estendendo as suas condol\u00eancias a toda da fam\u00edlia e amigos de Luciana.<\/p>\n<p><strong><em>Davi Ferraz &#8211; Editor\u00a0<\/em><\/strong><\/p>\n","protected":false},"excerpt":{"rendered":"<p>Com muito pesar, comunicamos o falecimento da servidora municipal Luciana Santos Moraes, merendeira da Escola Municipal Dona Geni, no distrito de Bandeira do Col\u00f4nia, ocorrido nesta data. De acordo com informa\u00e7\u00f5es de familiares, Luciana tinha 46 anos e havia se submetido a uma cirurgia em um hospital p\u00fablico na cidade de Porto Seguro, mas n\u00e3o [&hellip;]<\/p>\n","protected":false},"author":2,"featured_media":103149,"comment_status":"open","ping_status":"open","sticky":false,"template":"","format":"standard","meta":{"footnotes":"","_links_to":"","_links_to_target":""},"categories":[1],"tags":[],"class_list":["post-103148","post","type-post","status-publish","format-standard","has-post-thumbnail","hentry","category-geral"],"views":944,"_links":{"self":[{"href":"https:\/\/www.sudoestehoje.com.br\/novoportal\/wp-json\/wp\/v2\/posts\/103148","targetHints":{"allow":["GET"]}}],"collection":[{"href":"https:\/\/www.sudoestehoje.com.br\/novoportal\/wp-json\/wp\/v2\/posts"}],"about":[{"href":"https:\/\/www.sudoestehoje.com.br\/novoportal\/wp-json\/wp\/v2\/types\/post"}],"author":[{"embeddable":true,"href":"https:\/\/www.sudoestehoje.com.br\/novoportal\/wp-json\/wp\/v2\/users\/2"}],"replies":[{"embeddable":true,"href":"https:\/\/www.sudoestehoje.com.br\/novoportal\/wp-json\/wp\/v2\/comments?post=103148"}],"version-history":[{"count":2,"href":"https:\/\/www.sudoestehoje.com.br\/novoportal\/wp-json\/wp\/v2\/posts\/103148\/revisions"}],"predecessor-version":[{"id":103151,"href":"https:\/\/www.sudoestehoje.com.br\/novoportal\/wp-json\/wp\/v2\/posts\/103148\/revisions\/103151"}],"wp:featuredmedia":[{"embeddable":true,"href":"https:\/\/www.sudoestehoje.com.br\/novoportal\/wp-json\/wp\/v2\/media\/103149"}],"wp:attachment":[{"href":"https:\/\/www.sudoestehoje.com.br\/novoportal\/wp-json\/wp\/v2\/media?parent=103148"}],"wp:term":[{"taxonomy":"category","embeddable":true,"href":"https:\/\/www.sudoestehoje.com.br\/novoportal\/wp-json\/wp\/v2\/categories?post=103148"},{"taxonomy":"post_tag","embeddable":true,"href":"https:\/\/www.sudoestehoje.com.br\/novoportal\/wp-json\/wp\/v2\/tags?post=103148"}],"curies":[{"name":"wp","href":"https:\/\/api.w.org\/{rel}","templated":true}]}}