
{"id":103144,"date":"2022-07-04T10:18:36","date_gmt":"2022-07-04T13:18:36","guid":{"rendered":"https:\/\/www.sudoestehoje.com.br\/novoportal\/?p=103144"},"modified":"2022-07-04T10:18:36","modified_gmt":"2022-07-04T13:18:36","slug":"jequie-chega-a-100-dos-leitos-de-uti-ocupados-por-pacientes-com-covid-19","status":"publish","type":"post","link":"https:\/\/www.sudoestehoje.com.br\/novoportal\/2022\/07\/04\/jequie-chega-a-100-dos-leitos-de-uti-ocupados-por-pacientes-com-covid-19\/","title":{"rendered":"JEQUI\u00c9 CHEGA A 100% DOS LEITOS DE UTI OCUPADOS POR PACIENTES COM COVID-19"},"content":{"rendered":"<p><a href=\"https:\/\/www.sudoestehoje.com.br\/novoportal\/wp-content\/uploads\/2022\/07\/d325df38f39da99d2f82daabe487b4b5.jpg\"><img loading=\"lazy\" decoding=\"async\" class=\"aligncenter size-medium wp-image-103146\" src=\"https:\/\/www.sudoestehoje.com.br\/novoportal\/wp-content\/uploads\/2022\/07\/d325df38f39da99d2f82daabe487b4b5-500x297.jpg\" alt=\"\" width=\"500\" height=\"297\" srcset=\"https:\/\/www.sudoestehoje.com.br\/novoportal\/wp-content\/uploads\/2022\/07\/d325df38f39da99d2f82daabe487b4b5-500x297.jpg 500w, https:\/\/www.sudoestehoje.com.br\/novoportal\/wp-content\/uploads\/2022\/07\/d325df38f39da99d2f82daabe487b4b5-700x416.jpg 700w, https:\/\/www.sudoestehoje.com.br\/novoportal\/wp-content\/uploads\/2022\/07\/d325df38f39da99d2f82daabe487b4b5.jpg 750w\" sizes=\"auto, (max-width: 500px) 100vw, 500px\" \/><\/a><\/p>\n<p>O \u00faltimo boletim da Covid-19 em Jequi\u00e9, Sudoeste baiano, registrou 100% de ocupa\u00e7\u00e3o na UTI. O informativo foi divulgado na noite deste domingo (3) pela prefeitura municipal. De acordo com o boletim, todos os dez (10) leitos de UTI est\u00e3o ocupados para atendimento de pacientes que tiveram complica\u00e7\u00f5es com a Covid-19.<\/p>\n<p>O fato est\u00e1 associado \u00e0 subida da m\u00e9dia m\u00f3vel de casos de novo coronav\u00edrus na cidade nos \u00faltimos oito dias ante o \u00edndice registrado nas semanas anteriores. Dos dez leitos de UTI ocupados, dois s\u00e3o ocupados por moradores de Jequi\u00e9, e oito por pessoas oriundas de outras cidades da regi\u00e3o.<\/p>\n","protected":false},"excerpt":{"rendered":"<p>O \u00faltimo boletim da Covid-19 em Jequi\u00e9, Sudoeste baiano, registrou 100% de ocupa\u00e7\u00e3o na UTI. O informativo foi divulgado na noite deste domingo (3) pela prefeitura municipal. De acordo com o boletim, todos os dez (10) leitos de UTI est\u00e3o ocupados para atendimento de pacientes que tiveram complica\u00e7\u00f5es com a Covid-19. O fato est\u00e1 associado [&hellip;]<\/p>\n","protected":false},"author":2,"featured_media":103146,"comment_status":"open","ping_status":"open","sticky":false,"template":"","format":"standard","meta":{"footnotes":"","_links_to":"","_links_to_target":""},"categories":[1],"tags":[],"class_list":["post-103144","post","type-post","status-publish","format-standard","has-post-thumbnail","hentry","category-geral"],"views":1103,"_links":{"self":[{"href":"https:\/\/www.sudoestehoje.com.br\/novoportal\/wp-json\/wp\/v2\/posts\/103144","targetHints":{"allow":["GET"]}}],"collection":[{"href":"https:\/\/www.sudoestehoje.com.br\/novoportal\/wp-json\/wp\/v2\/posts"}],"about":[{"href":"https:\/\/www.sudoestehoje.com.br\/novoportal\/wp-json\/wp\/v2\/types\/post"}],"author":[{"embeddable":true,"href":"https:\/\/www.sudoestehoje.com.br\/novoportal\/wp-json\/wp\/v2\/users\/2"}],"replies":[{"embeddable":true,"href":"https:\/\/www.sudoestehoje.com.br\/novoportal\/wp-json\/wp\/v2\/comments?post=103144"}],"version-history":[{"count":2,"href":"https:\/\/www.sudoestehoje.com.br\/novoportal\/wp-json\/wp\/v2\/posts\/103144\/revisions"}],"predecessor-version":[{"id":103147,"href":"https:\/\/www.sudoestehoje.com.br\/novoportal\/wp-json\/wp\/v2\/posts\/103144\/revisions\/103147"}],"wp:featuredmedia":[{"embeddable":true,"href":"https:\/\/www.sudoestehoje.com.br\/novoportal\/wp-json\/wp\/v2\/media\/103146"}],"wp:attachment":[{"href":"https:\/\/www.sudoestehoje.com.br\/novoportal\/wp-json\/wp\/v2\/media?parent=103144"}],"wp:term":[{"taxonomy":"category","embeddable":true,"href":"https:\/\/www.sudoestehoje.com.br\/novoportal\/wp-json\/wp\/v2\/categories?post=103144"},{"taxonomy":"post_tag","embeddable":true,"href":"https:\/\/www.sudoestehoje.com.br\/novoportal\/wp-json\/wp\/v2\/tags?post=103144"}],"curies":[{"name":"wp","href":"https:\/\/api.w.org\/{rel}","templated":true}]}}